{"id":1023,"date":"2010-12-12T09:35:00","date_gmt":"2010-12-12T08:35:00","guid":{"rendered":"https:\/\/diocesi.concordia-pordenone.it\/caritas\/centro-dascolto-di-cordenons\/"},"modified":"2022-08-03T11:42:09","modified_gmt":"2022-08-03T09:42:09","slug":"centro-dascolto-di-cordenons","status":"publish","type":"post","link":"https:\/\/diocesi.concordia-pordenone.it\/caritas\/centro-dascolto-di-cordenons\/","title":{"rendered":"Centro d&#8217;Ascolto di Cordenons"},"content":{"rendered":"<p>Vial di Sclavons, 113, presso la parrocchia di San Pietro Apostolo, tel. 0434 40030<br \/>\nLa distribuzione degli alimenti \u00e8 stata resa possibile come sempre dalla generosit\u00e0 dei parrocchiani e dei negozi che aiutano in questa opera di carit\u00e0. Il flusso di bisognosi nel Centro di Ascolto \u00e8 aumentato parecchio nell&#8217;ultimo anno: ci\u00f2 \u00e8 dovuto al fatto che molti stranieri hanno perso lavoro o sono stati messi in cassa integrazione ed anche quelli che lavorano si sono visti ridurre lo stipendio perch\u00e9 non vengono pi\u00f9 richiesti gli straordinari. Si sono quindi conosciute e supportate nuove famiglie in difficolt\u00e0 e questo ha portato ad attingere in alcuni casi al Fondo Diocesano di Solidariet\u00e0\u00a0ed in altri casi a collaborare pi\u00f9 intensamente con i Servizi Sociali.<\/p>\n<p>Gli italiani che si rivolgono al Centro sono diminuiti e quelli che lo fanno, di solito, non hanno un nucleo familiare che li supporti nei periodi di difficolt\u00e0. Si sono rilevati alcuni disagi legati alla mancanza di lavoro, ma pi\u00f9 radicati sembrano quelli legati a dipendenze da alcool, droghe e gioco.<\/p>\n<p>Pur rivendicando un\u2019autonoma libert\u00e0 d\u2019azione, tutte le attivit\u00e0 nel territorio dell\u2019Unit\u00e0 Pastorale di Cordenons sono state fatte d\u2019intesa con la Caritas \u00a0presente nella parrocchia di Santa Maria Maggiore.<\/p>\n","protected":false},"excerpt":{"rendered":"<p>Vial di Sclavons, 113, presso la parrocchia di San Pietro Apostolo, tel. 0434 40030 La distribuzione degli alimenti \u00e8 stata resa possibile come sempre dalla generosit\u00e0 dei parrocchiani e dei negozi che aiutano in questa opera di carit\u00e0. Il flusso di bisognosi nel Centro di Ascolto \u00e8 aumentato parecchio nell&#8217;ultimo anno: ci\u00f2 \u00e8 dovuto al fatto che molti stranieri hanno perso lavoro o sono stati &hellip; <a href=\"https:\/\/diocesi.concordia-pordenone.it\/caritas\/centro-dascolto-di-cordenons\/\" class=\"more-link\">Continue reading <span class=\"screen-reader-text\"><\/span> <span class=\"meta-nav\">&raquo;<\/span><\/a><\/p>\n","protected":false},"author":0,"featured_media":0,"comment_status":"closed","ping_status":"closed","sticky":false,"template":"","format":"standard","meta":{"_acf_changed":false,"footnotes":""},"categories":[7],"tags":[],"class_list":["post-1023","post","type-post","status-publish","format-standard","hentry","category-centri-di-ascolto"],"acf":{"seed-localization-paese-cod":"","seed-localization-address":"","seed-localization-citta":"","seed-localization-regione-cod-istat":"","seed-localization-citta-cod-istat":"","seed-localization-localita":"","seed-localization-cap":"","seed-localization-geo":{"lat":41.9053433,"lng":12.5099945,"zoom":10,"markers":[],"address":"","layers":["OpenStreetMap.Mapnik"],"version":"1.3.2"},"seed-localization-marker-visibility":false,"seed-localization-children-visibility":false,"seed-localization-kml":"","seed-localization-custom-marker":""},"_links":{"self":[{"href":"https:\/\/diocesi.concordia-pordenone.it\/caritas\/wp-json\/wp\/v2\/posts\/1023","targetHints":{"allow":["GET"]}}],"collection":[{"href":"https:\/\/diocesi.concordia-pordenone.it\/caritas\/wp-json\/wp\/v2\/posts"}],"about":[{"href":"https:\/\/diocesi.concordia-pordenone.it\/caritas\/wp-json\/wp\/v2\/types\/post"}],"author":[{"embeddable":true,"href":"https:\/\/diocesi.concordia-pordenone.it\/caritas\/wp-json\/wp\/v2\/users\/1"}],"replies":[{"embeddable":true,"href":"https:\/\/diocesi.concordia-pordenone.it\/caritas\/wp-json\/wp\/v2\/comments?post=1023"}],"version-history":[{"count":2,"href":"https:\/\/diocesi.concordia-pordenone.it\/caritas\/wp-json\/wp\/v2\/posts\/1023\/revisions"}],"predecessor-version":[{"id":2140,"href":"https:\/\/diocesi.concordia-pordenone.it\/caritas\/wp-json\/wp\/v2\/posts\/1023\/revisions\/2140"}],"wp:attachment":[{"href":"https:\/\/diocesi.concordia-pordenone.it\/caritas\/wp-json\/wp\/v2\/media?parent=1023"}],"wp:term":[{"taxonomy":"category","embeddable":true,"href":"https:\/\/diocesi.concordia-pordenone.it\/caritas\/wp-json\/wp\/v2\/categories?post=1023"},{"taxonomy":"post_tag","embeddable":true,"href":"https:\/\/diocesi.concordia-pordenone.it\/caritas\/wp-json\/wp\/v2\/tags?post=1023"}],"curies":[{"name":"wp","href":"https:\/\/api.w.org\/{rel}","templated":true}]}}