{"id":1024,"date":"2010-12-10T09:36:00","date_gmt":"2010-12-10T08:36:00","guid":{"rendered":"https:\/\/diocesi.concordia-pordenone.it\/caritas\/centro-dascolto-di-fiume-veneto\/"},"modified":"2010-12-10T09:36:00","modified_gmt":"2010-12-10T08:36:00","slug":"centro-dascolto-di-fiume-veneto","status":"publish","type":"post","link":"https:\/\/diocesi.concordia-pordenone.it\/caritas\/centro-dascolto-di-fiume-veneto\/","title":{"rendered":"Centro d&#8217;Ascolto di Fiume Veneto"},"content":{"rendered":"<div>\n<div style=\"text-align: left; line-height: 120%\">Piazza Marconi, 65, tel. 0434 561292<\/div>\n<div style=\"text-align: left; line-height: 120%\">Orario di apertura: luned\u00ec, mercoled\u00ec e venerd\u00ec dalle 18.00 alle 19.00<\/div>\n<div style=\"text-align: left; line-height: 120%\">\u00a0<\/div>\n<div style=\"text-align: left; line-height: 120%\">Il Centro di Ascolto Caritas nell\u2019unit\u00e0 pastorale parrocchiale di Fiume Veneto \u00e8 nato nel 1996: il Centro \u00e8 un aiuto per aprirsi alla carit\u00e0 evangelica, in termini di prossimit\u00e0 e condivisione con le persone che vengono a chiedere solidariet\u00e0 per affrontare le difficolt\u00e0 in cui si trovano.\u00a0\u00a0<\/div>\n<div style=\"text-align: left; line-height: 120%\">Oltre a dare beni materiali, si cerca di promuovere vicinanza ed accoglienza per far sentire fratelli coloro che arrivano a chiedere aiuto, coinvolgendo tutti i cristiani della comunit\u00e0, dal momento che, in virt\u00f9 del battesimo, tutti siamo chiamati ad occuparci dei poveri. Cercando di conoscere sempre pi\u00f9 le condizioni di difficolt\u00e0 e di bisogno esistenti all\u2019interno della vita di comunit\u00e0, si propongono soluzioni condivise con la comunit\u00e0. Questa la situazione nella zona seguita da questo Centro di Ascolto.<\/div>\n<div style=\"text-align: left; line-height: 120%\">\u00a0<\/div>\n<div style=\"text-align: left; line-height: 120%\">La prima emergenza negli ultimi anni \u00e8 stata il lavoro. Alcuni l\u2019hanno perso, altri sono in cassa integrazione a periodi alternati. Conseguenza: difficolt\u00e0 a pagare l\u2019affitto o il mutuo. Tante famiglie non riescono a pagare le bollette della luce o del gas ma anche i ticket e l\u2019assicurazione dell\u2019auto, le cure dentarie, a volte anche i buoni mensa dei figli. Anche trovare casa \u00e8 difficile, perch\u00e9 gli affitti rimangono comunque cari e le famiglie, all\u2019interno delle quali ci sono anche\u00a02 o 3 figli, faticano a pagare 500 euro di affitto con stipendi che non arrivano ai 1000 euro.<\/div>\n<div style=\"text-align: left; line-height: 120%\">\u00a0<\/div>\n<div style=\"text-align: left; line-height: 120%\">Altro problema: le donne, che alla fine dei conti sono le pi\u00f9 penalizzate. Fanno molta fatica a trovare lavoro, pur avendo volont\u00e0 e tempo per lavorare. Quando sono fortunate trovano lavoro a ore (in nero) nelle pulizie di casa.\u00a0<\/div>\n<div style=\"text-align: left; line-height: 120%\">\u00a0<\/div>\n<div style=\"text-align: left; line-height: 120%\">All\u2019interno di un territorio vasto come Fiume Veneto, il Centro di Ascolto ha rafforzato i rapporti di collaborazione con i Servizi Sociali, con l\u2019amministrazione comunale, con l\u2019Azienda Sanitaria: lavorando insieme hanno contribuito a creare solidariet\u00e0 sociale, riconoscimento dei diritti-doveri di cura, di inserimento, di cittadinanza. Anche il rapporto con la Caritas Diocesana \u00e8 molto collaborativo.<\/div>\n<\/div>\n","protected":false},"excerpt":{"rendered":"<p>Piazza Marconi, 65, tel. 0434 561292 Orario di apertura: luned\u00ec, mercoled\u00ec e venerd\u00ec dalle 18.00 alle 19.00 \u00a0 Il Centro di Ascolto Caritas nell\u2019unit\u00e0 pastorale parrocchiale di Fiume Veneto \u00e8 nato nel 1996: il Centro \u00e8 un aiuto per aprirsi alla carit\u00e0 evangelica, in termini di prossimit\u00e0 e condivisione con le persone che vengono a chiedere solidariet\u00e0 per affrontare le difficolt\u00e0 in cui si trovano.\u00a0\u00a0 &hellip; <a href=\"https:\/\/diocesi.concordia-pordenone.it\/caritas\/centro-dascolto-di-fiume-veneto\/\" class=\"more-link\">Continue reading <span class=\"screen-reader-text\"><\/span> <span class=\"meta-nav\">&raquo;<\/span><\/a><\/p>\n","protected":false},"author":0,"featured_media":0,"comment_status":"closed","ping_status":"closed","sticky":false,"template":"","format":"standard","meta":{"_acf_changed":false,"footnotes":""},"categories":[7],"tags":[],"class_list":["post-1024","post","type-post","status-publish","format-standard","hentry","category-centri-di-ascolto"],"acf":{"seed-localization-paese-cod":"","seed-localization-address":"","seed-localization-citta":"","seed-localization-regione-cod-istat":"","seed-localization-citta-cod-istat":"","seed-localization-localita":"","seed-localization-cap":"","seed-localization-geo":{"lat":41.90552298770031,"lng":12.509441971778871,"zoom":10,"markers":[],"address":"","layers":["OpenStreetMap.Mapnik"]},"seed-localization-marker-visibility":false,"seed-localization-children-visibility":false,"seed-localization-kml":null,"seed-localization-custom-marker":null},"_links":{"self":[{"href":"https:\/\/diocesi.concordia-pordenone.it\/caritas\/wp-json\/wp\/v2\/posts\/1024","targetHints":{"allow":["GET"]}}],"collection":[{"href":"https:\/\/diocesi.concordia-pordenone.it\/caritas\/wp-json\/wp\/v2\/posts"}],"about":[{"href":"https:\/\/diocesi.concordia-pordenone.it\/caritas\/wp-json\/wp\/v2\/types\/post"}],"author":[{"embeddable":true,"href":"https:\/\/diocesi.concordia-pordenone.it\/caritas\/wp-json\/wp\/v2\/users\/1"}],"replies":[{"embeddable":true,"href":"https:\/\/diocesi.concordia-pordenone.it\/caritas\/wp-json\/wp\/v2\/comments?post=1024"}],"version-history":[{"count":0,"href":"https:\/\/diocesi.concordia-pordenone.it\/caritas\/wp-json\/wp\/v2\/posts\/1024\/revisions"}],"wp:attachment":[{"href":"https:\/\/diocesi.concordia-pordenone.it\/caritas\/wp-json\/wp\/v2\/media?parent=1024"}],"wp:term":[{"taxonomy":"category","embeddable":true,"href":"https:\/\/diocesi.concordia-pordenone.it\/caritas\/wp-json\/wp\/v2\/categories?post=1024"},{"taxonomy":"post_tag","embeddable":true,"href":"https:\/\/diocesi.concordia-pordenone.it\/caritas\/wp-json\/wp\/v2\/tags?post=1024"}],"curies":[{"name":"wp","href":"https:\/\/api.w.org\/{rel}","templated":true}]}}