{"id":1033,"date":"2021-07-07T15:03:34","date_gmt":"2021-07-07T13:03:34","guid":{"rendered":"https:\/\/diocesi.concordia-pordenone.it\/caritas\/?p=1033"},"modified":"2022-08-03T11:47:41","modified_gmt":"2022-08-03T09:47:41","slug":"centri-dascolto","status":"publish","type":"post","link":"https:\/\/diocesi.concordia-pordenone.it\/caritas\/centri-dascolto\/","title":{"rendered":"Centro d&#8217;Ascolto diocesano"},"content":{"rendered":"<p><span style=\"color: #0a0a0a; font-size: 16px;\">c\/o Casa Madonna Pellegrina<br \/>\n<\/span>Via Madonna Pellegrina, 11 &#8211; 33170 Pordenone<br \/>\ntel. 0434 546811<br \/>\nOrario di apertura: luned\u00ec, mercoled\u00ec e venerd\u00ec dalle 9.00 alle 11.30; marted\u00ec dalle 15.00 alle 18.00<br \/>\n<em>Servizio medico<\/em>: marted\u00ec dalle 10.00 alle 11.30; venerd\u00ec dalle 9.00 alle 11.00<\/p>\n<div class=\"testo\">\n<div>L&#8217;azione della Caritas si esprime attraverso iniziative concrete, opere segno, progetti, coinvolge numerosi volontari e intere comunit\u00e0, promuove il servizio e l&#8217;educazione alla carit\u00e0 di giovani e adulti che, a vario titolo e con diverse motivazioni, decidono di dedicare tempo e passione a persone che vivono in particolari situazioni problematiche.<\/div>\n<div><\/div>\n<div>Il Centro d&#8217;Ascolto \u00e8 l&#8217;opera segno per eccellenza, agisce attraverso l&#8217;ascolto delle persone in difficolt\u00e0, il loro orientamento ed eventualmente l&#8217;accompagnamento nella ricerca di una soluzione ai problemi. Il Centro di Ascolto si propone poi di dare voce ai bisogni che accoglie, divenendo una sorta di osservatorio, capace di tradurre quanto ascoltato e osservato in stimolo e a volte in denuncia, perch\u00e9, se necessario, si attivino e promuovano nuove risorse. \u00c8 una realt\u00e0 integrata nel territorio e opera in collaborazione con tutte le istituzioni che operano nell\u2019ambito.<\/div>\n<div><\/div>\n<div>L&#8217;ascolto \u00e8 atteggiamento fondamentale nella vita di una comunit\u00e0 cristiana, deve radicarsi in ogni sua espressione di vita, per favorire la costruzione di relazioni ricche di attenzione, fraternit\u00e0 e comunione e per rendere la comunit\u00e0 capace di essere costantemente attenta e accogliente nei confronti dei tanti poveri che la interpellano all&#8217;interno del territorio.<\/div>\n<div><\/div>\n<div>Presso la struttura di via Madonna Pellegrina 11, operatori e volontari si dedicano all&#8217;ascolto, alla ricerca di casa e lavoro, danno una prima informazione giuridica; due medici volontari assicurano inoltre un servizio di ambulatorio, per visite mediche, reperimento medicinali e contatti con professionisti delle strutture sanitarie pubbliche e private del comune, che spesso si rendono disponibili per visite specialistiche. Per quanto riguarda la consulenza legale, gli operatori del centro possono contare sulla continua disponibilit\u00e0 di un avvocato che, a titolo gratuito, dedica tempo e attenzione alle questioni e problematiche presentate dalle persone che si rivolgono al centro.<\/div>\n<div><\/div>\n<div>\n<p>La presenza dei volontari d\u00e0 al Centro di Ascolto una marcia in pi\u00f9; la motivazione e la passione, unite all&#8217;affettuosa vicinanza che solo i volontari sanno mettere in campo, garantiscono un&#8217;accoglienza e un ascolto attento alla persona, al di l\u00e0 del problema che porta; sanno favorire la relazione e la confidenza, incoraggiano e sostengono la persona facendola sentire benvenuta e accolta.<\/p>\n<p><a href=\"https:\/\/diocesi.concordia-pordenone.it\/caritas\/wp-content\/uploads\/sites\/3\/2021\/06\/relazione-centro-ascolto_attivita-2018-2.pdf\">relazione centro ascolto_attivita 2018<\/a><\/p>\n<\/div>\n<\/div>\n<hr class=\"wpba_attachment_hr\"><div id='wpba_attachment_list' class='wpba wpba-wrap'>\n<ul class='wpba-attachment-list unstyled'><li id='wpba_attachment_list_1034' class='wpba-list-item pull-left'><img src='https:\/\/diocesi.concordia-pordenone.it\/caritas\/wp-content\/themes\/wp-starter-so\/icons\/document.png' width='16' height='20' class='wpba-icon pull-left'><a href='https:\/\/diocesi.concordia-pordenone.it\/caritas\/wp-content\/uploads\/sites\/3\/2021\/06\/relazione-centro-ascolto_attivita-2018-2.pdf' title='relazione centro ascolto_attivita 2018' class='wpba-link pull-left' target=\"_blank\">relazione centro ascolto_attivita 2018<\/a><\/li>\n<\/ul><\/div>\n","protected":false},"excerpt":{"rendered":"<p>c\/o Casa Madonna Pellegrina Via Madonna Pellegrina, 11 &#8211; 33170 Pordenone tel. 0434 546811 Orario di apertura: luned\u00ec, mercoled\u00ec e venerd\u00ec dalle 9.00 alle 11.30; marted\u00ec dalle 15.00 alle 18.00 Servizio medico: marted\u00ec dalle 10.00 alle 11.30; venerd\u00ec dalle 9.00 alle 11.00 L&#8217;azione della Caritas si esprime attraverso iniziative concrete, opere segno, progetti, coinvolge numerosi volontari e intere comunit\u00e0, promuove il servizio e l&#8217;educazione alla &hellip; <a href=\"https:\/\/diocesi.concordia-pordenone.it\/caritas\/centri-dascolto\/\" class=\"more-link\">Continue reading <span class=\"screen-reader-text\"><\/span> <span class=\"meta-nav\">&raquo;<\/span><\/a><\/p>\n","protected":false},"author":0,"featured_media":0,"comment_status":"closed","ping_status":"closed","sticky":false,"template":"","format":"standard","meta":{"_acf_changed":false,"footnotes":""},"categories":[7],"tags":[],"class_list":["post-1033","post","type-post","status-publish","format-standard","hentry","category-centri-di-ascolto"],"acf":{"seed-localization-paese-cod":"","seed-localization-address":"","seed-localization-citta":"","seed-localization-regione-cod-istat":"","seed-localization-citta-cod-istat":"","seed-localization-localita":"","seed-localization-cap":"","seed-localization-geo":{"lat":41.9053433,"lng":12.5099945,"zoom":10,"markers":[],"address":"","layers":["OpenStreetMap.Mapnik"],"version":"1.3.2"},"seed-localization-marker-visibility":false,"seed-localization-children-visibility":false,"seed-localization-kml":"","seed-localization-custom-marker":""},"_links":{"self":[{"href":"https:\/\/diocesi.concordia-pordenone.it\/caritas\/wp-json\/wp\/v2\/posts\/1033","targetHints":{"allow":["GET"]}}],"collection":[{"href":"https:\/\/diocesi.concordia-pordenone.it\/caritas\/wp-json\/wp\/v2\/posts"}],"about":[{"href":"https:\/\/diocesi.concordia-pordenone.it\/caritas\/wp-json\/wp\/v2\/types\/post"}],"author":[{"embeddable":true,"href":"https:\/\/diocesi.concordia-pordenone.it\/caritas\/wp-json\/wp\/v2\/users\/1"}],"replies":[{"embeddable":true,"href":"https:\/\/diocesi.concordia-pordenone.it\/caritas\/wp-json\/wp\/v2\/comments?post=1033"}],"version-history":[{"count":5,"href":"https:\/\/diocesi.concordia-pordenone.it\/caritas\/wp-json\/wp\/v2\/posts\/1033\/revisions"}],"predecessor-version":[{"id":2145,"href":"https:\/\/diocesi.concordia-pordenone.it\/caritas\/wp-json\/wp\/v2\/posts\/1033\/revisions\/2145"}],"wp:attachment":[{"href":"https:\/\/diocesi.concordia-pordenone.it\/caritas\/wp-json\/wp\/v2\/media?parent=1033"}],"wp:term":[{"taxonomy":"category","embeddable":true,"href":"https:\/\/diocesi.concordia-pordenone.it\/caritas\/wp-json\/wp\/v2\/categories?post=1033"},{"taxonomy":"post_tag","embeddable":true,"href":"https:\/\/diocesi.concordia-pordenone.it\/caritas\/wp-json\/wp\/v2\/tags?post=1033"}],"curies":[{"name":"wp","href":"https:\/\/api.w.org\/{rel}","templated":true}]}}