{"id":108,"date":"2011-12-02T13:33:00","date_gmt":"2011-12-02T12:33:00","guid":{"rendered":"https:\/\/diocesi.concordia-pordenone.it\/caritas\/concerto-gospel\/"},"modified":"2011-12-02T13:33:00","modified_gmt":"2011-12-02T12:33:00","slug":"concerto-gospel","status":"publish","type":"post","link":"https:\/\/diocesi.concordia-pordenone.it\/caritas\/concerto-gospel\/","title":{"rendered":"Concerto gospel"},"content":{"rendered":"<div><strong>AFRICAN JAM <\/strong><strong>GOSPEL<\/strong><\/div>\n<div><strong>Concerto gospel<\/strong><\/div>\n<div><strong>Teatro Don Bosco &#8211;\u00a0Pordenone<\/strong><\/div>\n<div><strong>gioved\u00ec\u00a013 dicembre 2012 ore 21.00<\/strong><\/div>\n<div><strong>ingresso libero<\/strong><\/div>\n<div>\u00a0<\/div>\n<div>Gioved\u00ec\u00a013 dicembre, alle ore 21.00, il Teatro Don Bosco di Pordenone\u00a0ospiter\u00e0 il concerto African Jam Gospel, a conclusione delle iniziative della <strong>VI Rassegna Regionale di Cinema Africano<\/strong>, organizzata, tra gli altri,\u00a0dalla Caritas diocesana di Concordia-Pordenone, Cinemazero,\u00a0L\u2019Altramet\u00e0 e Time for Africa di\u00a0Udine, in collaborazione con l&#8217;Associazione Odeia.<\/div>\n<div>African Jam Gospel valorizza le tradizioni delle tante chiese africane presenti a Udine e in regione. Prodotto dall&#8217;Associazione Time for Africa, il gruppo propone un repertorio\u00a0collegato alla tradizione religiosa africana, vera essenza del gospel.<\/div>\n<div>\u00a0<\/div>\n<div>\u00a0<\/div>\n<div>\n<div>Le chiese svolgono una funzione sociale ed educativa importante, che spesso non \u00e8 nota. Le numerose comunit\u00e0 africane presenti sul territorio regionale sono organizzate anche attraverso le loro chiese, in genere protestanti evangeliche, pentecostali, avventiste ed altre ancora.<\/div>\n<div>Questa iniziativa \u00e8 nata per favorire il dialogo interreligioso tra le varie comunit\u00e0, per migliorare le relazioni reciproche e quelle con la popolazione locale. La chiesa africana non \u00e8 solo un luogo di preghiera, ma rappresenta anche un potente strumento di coinvolgimento e partecipazione dalla quale nascono talenti che danno poi vita a carriere professionali ed artistiche interessanti. I gruppi corali si sono voluti cimentare in un nuovo progetto interculturale, prodotto dall\u2019associazione Time for Africa di Udine, per avvicinare e migliorare le relazioni di reciprocit\u00e0 con i friulani, valorizzando la musica, il coro delle voci africane depositarie del blues, del gospel, prodotto diretto della loro spiritualit\u00e0 e della loro religiosit\u00e0.<\/div>\n<p>\u00a0<\/p><\/div>\n<div>\u00a0<\/div>\n<div>Vai alla pagina della Rassegna Regionale di Cinema Africano<\/div>\n<hr class=\"wpba_attachment_hr\">","protected":false},"excerpt":{"rendered":"<p>Gioved\u00ec 13 dicembre, alle ore 21.00, il Teatro Don Bosco di Pordenone ospiter\u00e0 il concerto African Jam Gospel, a conclusione delle iniziative della VI Rassegna Regionale di Cinema Africano. L&#8217;ingresso \u00e8 libero<\/p>\n","protected":false},"author":0,"featured_media":109,"comment_status":"closed","ping_status":"closed","sticky":false,"template":"","format":"standard","meta":{"_acf_changed":false,"footnotes":""},"categories":[4],"tags":[],"class_list":["post-108","post","type-post","status-publish","format-standard","has-post-thumbnail","hentry","category-news-in-primo-piano"],"acf":{"seed-localization-paese-cod":"","seed-localization-address":"","seed-localization-citta":"","seed-localization-regione-cod-istat":"","seed-localization-citta-cod-istat":"","seed-localization-localita":"","seed-localization-cap":"","seed-localization-geo":{"lat":41.90552298770031,"lng":12.509441971778871,"zoom":10,"markers":[],"address":"","layers":["OpenStreetMap.Mapnik"]},"seed-localization-marker-visibility":false,"seed-localization-children-visibility":false,"seed-localization-kml":null,"seed-localization-custom-marker":null},"_links":{"self":[{"href":"https:\/\/diocesi.concordia-pordenone.it\/caritas\/wp-json\/wp\/v2\/posts\/108","targetHints":{"allow":["GET"]}}],"collection":[{"href":"https:\/\/diocesi.concordia-pordenone.it\/caritas\/wp-json\/wp\/v2\/posts"}],"about":[{"href":"https:\/\/diocesi.concordia-pordenone.it\/caritas\/wp-json\/wp\/v2\/types\/post"}],"author":[{"embeddable":true,"href":"https:\/\/diocesi.concordia-pordenone.it\/caritas\/wp-json\/wp\/v2\/users\/1"}],"replies":[{"embeddable":true,"href":"https:\/\/diocesi.concordia-pordenone.it\/caritas\/wp-json\/wp\/v2\/comments?post=108"}],"version-history":[{"count":0,"href":"https:\/\/diocesi.concordia-pordenone.it\/caritas\/wp-json\/wp\/v2\/posts\/108\/revisions"}],"wp:featuredmedia":[{"embeddable":true,"href":"https:\/\/diocesi.concordia-pordenone.it\/caritas\/wp-json\/wp\/v2\/media\/109"}],"wp:attachment":[{"href":"https:\/\/diocesi.concordia-pordenone.it\/caritas\/wp-json\/wp\/v2\/media?parent=108"}],"wp:term":[{"taxonomy":"category","embeddable":true,"href":"https:\/\/diocesi.concordia-pordenone.it\/caritas\/wp-json\/wp\/v2\/categories?post=108"},{"taxonomy":"post_tag","embeddable":true,"href":"https:\/\/diocesi.concordia-pordenone.it\/caritas\/wp-json\/wp\/v2\/tags?post=108"}],"curies":[{"name":"wp","href":"https:\/\/api.w.org\/{rel}","templated":true}]}}