{"id":1114,"date":"2011-03-25T09:08:00","date_gmt":"2011-03-25T08:08:00","guid":{"rendered":"https:\/\/diocesi.concordia-pordenone.it\/caritas\/giappone\/"},"modified":"2011-03-25T09:08:00","modified_gmt":"2011-03-25T08:08:00","slug":"giappone","status":"publish","type":"post","link":"https:\/\/diocesi.concordia-pordenone.it\/caritas\/giappone\/","title":{"rendered":"Giappone"},"content":{"rendered":"<div>\n<div><b>SI MOLTIPLICANO LE INIZIATIVE DI SOLIDARIET\u00c0<\/b><\/div>\n<div><b><i>marzo 2011<\/i><\/b><\/div>\n<div>\u00a0<\/div>\n<div>\u00abFacciamo tutto quanto ci \u00e8 possibile\u00bb dice padre Daisuke Narui, il direttore di Caritas Giappone. C\u2019\u00e8 la consapevolezza che ogni sforzo \u00e8 solo un piccolissimo tassello nell\u2019enormit\u00e0 dei bisogni, ma c\u2019\u00e8 anche un grande senso di unit\u00e0, di solidariet\u00e0, di condivisione.<\/div>\n<div>A Sendai \u00e8 stato aperto nei giorni scorsi un centro di aiuti per i sopravvissuti del terremoto e dello tsunami. Voluto dai vescovi di Sendai, Niigata, Saitama e da Caritas Giappone, \u00e8 un riferimento per tutta l\u2019azione della piccola ma attiva Chiesa giapponese.<\/div>\n<div>In tutte le parrocchie e in molte scuole cristiane \u00e8 stata avviata una raccolta fondi da utilizzare per gli aiuti d\u2019urgenza e, in un secondo momento, nel piano di ricostruzione delle case colpite. Le diocesi e le congregazioni religiose hanno indicato Caritas Giappone come referente unitario per le donazioni.<\/div>\n<div>Il potente terremoto ha danneggiato in particolare quattro province nella diocesi di Sendai: Aomori, Iwate, Miyagi e Fukushima. In quest\u2019ultima \u00e8 stata danneggiata la centrale nucleare e c\u2019\u00e8 grande apprensione per le possibili gravissime conseguenze.<\/div>\n<div>Nella citt\u00e0 di Sendai, molti edifici hanno resistito, ma gli abitanti hanno paura e i rifugi temporanei sono dunque ancora in piena attivit\u00e0. La Caritas continua a fornire beni di prima necessit\u00e0 anche grazie al sostegno di molti volontari: circa 200 persone sono attivamente impegnate gi\u00e0 dai primi giorni dopo il disastro.<\/div>\n<div>Anche a livello internazionale la mobilitazione \u00e8 stata grande, a partire proprio dalle Caritas dell\u2019Asia: Myanmar, Vietnam, Singapore, Macao, Taiwan, ma anche Corea, India e Pakistan.<\/div>\n<div>Caritas Italiana ha messo a disposizione un primo contributo ed ha lanciato una raccolta fondi per continuare a sostenere gli interventi di Caritas Giappone.<\/div>\n<div>\n<div>Anche la Caritas della nostra diocesi \u00e8 vicina alla popolazione giapponese in difficolt\u00e0: per questo, chi voglia sostenere gli interventi in corso (causale <b>Emergenza Giappone<\/b>) pu\u00f2 inviare offerte alla Caritas di Concordia-Pordenone tramite:<\/div>\n<div>\u00a0<\/div>\n<div><b>Banca Friuladria \u2014 Cr\u00e9dit Agricole<\/b><\/div>\n<div>C\/C 00004031561<\/div>\n<div>ABI 05336<\/div>\n<div>CAB 12500<\/div>\n<div>IBAN IT 09 E 05336 12500 000040301561<\/div>\n<div>\u00a0<\/div>\n<div><b>Banca Popolare Etica<\/b><\/div>\n<div>C\/C 000000105618<\/div>\n<div>ABI 05018<\/div>\n<div>CAB 12101<\/div>\n<div>IBAN IT 62 O 05018 12101 000000105618<\/div>\n<div>\u00a0<\/div>\n<div><b>Poste Italiane<\/b><\/div>\n<div>C\/C 000011507597<\/div>\n<div>ABI 07601<\/div>\n<div>CAB 12500<\/div>\n<div>IBAN IT 94 X 07601 12500 000011507597<\/div>\n<div>\u00a0<\/div>\n<div>Per il bollettino postale C\/C 000011507597<\/div>\n<\/div>\n<div>\u00a0<\/div>\n<\/div>\n<hr class=\"wpba_attachment_hr\">","protected":false},"excerpt":{"rendered":"<p>SI MOLTIPLICANO LE INIZIATIVE DI SOLIDARIET\u00c0 marzo 2011 \u00a0 \u00abFacciamo tutto quanto ci \u00e8 possibile\u00bb dice padre Daisuke Narui, il direttore di Caritas Giappone. C\u2019\u00e8 la consapevolezza che ogni sforzo \u00e8 solo un piccolissimo tassello nell\u2019enormit\u00e0 dei bisogni, ma c\u2019\u00e8 anche un grande senso di unit\u00e0, di solidariet\u00e0, di condivisione. A Sendai \u00e8 stato aperto nei giorni scorsi un centro di aiuti per i sopravvissuti &hellip; <a href=\"https:\/\/diocesi.concordia-pordenone.it\/caritas\/giappone\/\" class=\"more-link\">Continue reading <span class=\"screen-reader-text\"><\/span> <span class=\"meta-nav\">&raquo;<\/span><\/a><\/p>\n","protected":false},"author":0,"featured_media":1115,"comment_status":"closed","ping_status":"closed","sticky":false,"template":"","format":"standard","meta":{"_acf_changed":false,"footnotes":""},"categories":[11],"tags":[],"class_list":["post-1114","post","type-post","status-publish","format-standard","has-post-thumbnail","hentry","category-emergenze"],"acf":{"seed-localization-paese-cod":"","seed-localization-address":"","seed-localization-citta":"","seed-localization-regione-cod-istat":"","seed-localization-citta-cod-istat":"","seed-localization-localita":"","seed-localization-cap":"","seed-localization-geo":{"lat":41.90552298770031,"lng":12.509441971778871,"zoom":10,"markers":[],"address":"","layers":["OpenStreetMap.Mapnik"]},"seed-localization-marker-visibility":false,"seed-localization-children-visibility":false,"seed-localization-kml":null,"seed-localization-custom-marker":null},"_links":{"self":[{"href":"https:\/\/diocesi.concordia-pordenone.it\/caritas\/wp-json\/wp\/v2\/posts\/1114","targetHints":{"allow":["GET"]}}],"collection":[{"href":"https:\/\/diocesi.concordia-pordenone.it\/caritas\/wp-json\/wp\/v2\/posts"}],"about":[{"href":"https:\/\/diocesi.concordia-pordenone.it\/caritas\/wp-json\/wp\/v2\/types\/post"}],"author":[{"embeddable":true,"href":"https:\/\/diocesi.concordia-pordenone.it\/caritas\/wp-json\/wp\/v2\/users\/1"}],"replies":[{"embeddable":true,"href":"https:\/\/diocesi.concordia-pordenone.it\/caritas\/wp-json\/wp\/v2\/comments?post=1114"}],"version-history":[{"count":0,"href":"https:\/\/diocesi.concordia-pordenone.it\/caritas\/wp-json\/wp\/v2\/posts\/1114\/revisions"}],"wp:featuredmedia":[{"embeddable":true,"href":"https:\/\/diocesi.concordia-pordenone.it\/caritas\/wp-json\/wp\/v2\/media\/1115"}],"wp:attachment":[{"href":"https:\/\/diocesi.concordia-pordenone.it\/caritas\/wp-json\/wp\/v2\/media?parent=1114"}],"wp:term":[{"taxonomy":"category","embeddable":true,"href":"https:\/\/diocesi.concordia-pordenone.it\/caritas\/wp-json\/wp\/v2\/categories?post=1114"},{"taxonomy":"post_tag","embeddable":true,"href":"https:\/\/diocesi.concordia-pordenone.it\/caritas\/wp-json\/wp\/v2\/tags?post=1114"}],"curies":[{"name":"wp","href":"https:\/\/api.w.org\/{rel}","templated":true}]}}