{"id":1119,"date":"2011-07-18T10:48:00","date_gmt":"2011-07-18T08:48:00","guid":{"rendered":"https:\/\/diocesi.concordia-pordenone.it\/caritas\/corno-dafrica\/"},"modified":"2011-07-18T10:48:00","modified_gmt":"2011-07-18T08:48:00","slug":"corno-dafrica","status":"publish","type":"post","link":"https:\/\/diocesi.concordia-pordenone.it\/caritas\/corno-dafrica\/","title":{"rendered":"Corno d&#8217;Africa"},"content":{"rendered":"<div>\n<div><strong>LA PEGGIORE SICCIT\u00c0 DEGLI ULTIMI 60 ANNI<\/strong><\/div>\n<div><strong>L\u2019intervento della Caritas nelle diverse aree colpite<\/strong><\/div>\n<div><strong>luglio 2011<\/strong><\/div>\n<div>\u00a0<\/div>\n<div>Scarica a fondo pagina la scheda di approfondimento<\/div>\n<div>\u00a0<\/div>\n<div>Sono circa <strong>10 milioni le persone <\/strong>colpite da siccit\u00e0 e carestia che stanno affliggendo il Corno d\u2019Africa per la scarsit\u00e0 delle precipitazioni degli ultimi 2 anni e il conseguente innalzamento del prezzo di cibo e acqua. Secondo i dati Onu \u00e8 la <strong>peggiore siccit\u00e0 degli ultimi 60 anni <\/strong>e coinvolge 3,2 milioni di persone in <strong>Kenya<\/strong>, 2,6 in <strong>Somalia<\/strong>, 3,2 in <strong>Etiopia<\/strong>, 117mila a <strong>Gibuti<\/strong>, ed anche parte della popolazione in <strong>Eritrea<\/strong>. A soffrirne sono soprattutto i <strong>bambini<\/strong>: in Somalia uno su tre \u00e8 denutrito. Si teme che l\u2019emergenza travolga anche Tanzania e Sud Sudan. Si registra anche la perdita di molti capi di bestiame e grandi spostamenti di persone in tutto il Corno d\u2019Africa, soprattutto in Kenya, dove i <strong>campi profughi <\/strong>sono ormai al limite della capienza.<\/div>\n<div>\u201cLa situazione umanitaria in Somalia \u00e8 disastrosa\u201d ha dichiarato S.E. Monsignor Giorgio Bertin, Presidente di Caritas Somalia, amministratore apostolico di Mogadiscio e vescovo di Gibuti. \u201cNel sud della Somalia \u2013 ha aggiunto il vescovo \u2013 gli effetti della siccit\u00e0 si sommano a 20 anni di vuoto politico e conflitti. Se vogliamo evitare la catastrofe umanitaria occorre agire velocemente e con grande attenzione alla complessit\u00e0 del contesto\u201d.<\/div>\n<div>La <strong>rete Caritas <\/strong>si \u00e8 attivata per rispondere in modo adeguato e tempestivo a questa crisi.<\/div>\n<div>In <strong>Somalia<\/strong>, Caritas Somalia attraverso l\u2019operazione Lifeline, raggiunge con aiuti d\u2019urgenza 7.000 persone, di cui circa 1.400 bambini e anziani. Inoltre la rete Caritas sta offrendo assistenza a 70.000 persone seminomadi nel Somaliland Orientale.<\/div>\n<div>In <strong>Kenya<\/strong>, Caritas Kenya distribuisce generi di prima necessit\u00e0 a 40.000 persone nelle aree pi\u00f9 gravemente colpite e nella Rift Valley. I primi ad essere soccorsi sono stati i bambini e le mamme, ed \u00e8 in corso un programma veterinario per assistere circa 15.000 bovini. S.E. Monsignor Peter Kihara, Vescovo di Marsabit, una delle aree pi\u00f9 gravemente colpite, ha lanciato un appello per aiuti immediati.<\/div>\n<div>In <strong>Etiopia<\/strong>, nella zona meridionale dove i pastori Borana sono in gravi difficolt\u00e0 per carenza di acqua e di pascoli, la rete Caritas sta aiutando circa 25.000 famiglie nel mantenimento dei propri capi di bestiame. Caritas Etiopia sta inoltre distribuendo cibo e acqua a 80.000 persone nelle regioni di Haraghe e Meki. In Eritrea, la Caritas sta monitorando la situazione per mettere a punto un piano di intervento.<\/div>\n<div>A rafforzamento delle azioni gi\u00e0 avviate la rete Caritas sta predisponendo un <strong>programma globale di aiuto d\u2019urgenza <\/strong>riguardante i 4 Paesi che verr\u00e0 lanciato nelle prossime settimane.<\/div>\n<div><strong>Caritas Italiana da anni \u00e8 impegnata nel Corno d\u2019Africa<\/strong>, in collaborazione con le chiese locali, in ambiti diversi: la salute, la lotta all\u2019esclusione sociale, l\u2019istruzione. In occasione di questa emergenza \u00e8 in costante contatto con le Caritas africane attive nei Paesi colpiti dalla siccit\u00e0 e ha offerto sostegno alle azioni in atto e al piano in via di definizione. Nel contempo richiama l\u2019attenzione sul problema dei cambiamenti climatici dovuti al riscaldamento globale e sul loro impatto negativo, in particolare sui poveri. Per questo <strong>\u00e8 necessario non solo offrire assistenza nelle emergenze umanitarie, ma soprattutto prevenirle attraverso il sostegno all\u2019agricoltura locale, la riduzione del riscaldamento globale, una gestione appropriata delle risorse idriche in favore delle comunit\u00e0<\/strong>. Un impegno che riguarda i governi e le istituzioni internazionali, ma anche gli <strong>stili di vita quotidiani di ogni persona<\/strong>.<\/div>\n<div>\u00a0<\/div>\n<div>Anche la Caritas della nostra diocesi si \u00e8 attivata: chi voglia sostenere gli interventi in corso (causale <strong>Carestia Corno d\u2019Africa 2011<\/strong>) pu\u00f2 inviare offerte alla Caritas di Concordia-Pordenone tramite:<\/div>\n<div>\u00a0<\/div>\n<div><strong>Banca Friuladria \u2014 Cr\u00e9dit Agricole<\/strong><\/div>\n<div>C\/C 00004031561<\/div>\n<div>ABI 05336<\/div>\n<div>CAB 12500<\/div>\n<div>IBAN IT 09 E 05336 12500 000040301561<\/div>\n<div>\u00a0<\/div>\n<div><strong>Banca Popolare Etica<\/strong><\/div>\n<div>C\/C 000000105618<\/div>\n<div>ABI 05018<\/div>\n<div>CAB 12101<\/div>\n<div>IBAN IT 62 O 05018 12101 000000105618<\/div>\n<div>\u00a0<\/div>\n<div><strong>Poste Italiane<\/strong><\/div>\n<div>C\/C 000011507597<\/div>\n<div>ABI 07601<\/div>\n<div>CAB 12500<\/div>\n<div>IBAN IT 94 X 07601 12500 000011507597<\/div>\n<div>\u00a0<\/div>\n<div>Per il <strong>bollettino postale <\/strong>C\/C 000011507597<\/div>\n<\/div>\n<hr class=\"wpba_attachment_hr\"><div id='wpba_attachment_list' class='wpba wpba-wrap'>\n<ul class='wpba-attachment-list unstyled'><li id='wpba_attachment_list_1121' class='wpba-list-item pull-left'><img src='https:\/\/diocesi.concordia-pordenone.it\/caritas\/wp-content\/themes\/wp-starter-so\/icons\/document.png' width='16' height='20' class='wpba-icon pull-left'><a href='https:\/\/diocesi.concordia-pordenone.it\/caritas\/wp-content\/uploads\/sites\/3\/2021\/06\/aggiornamento-corno-africa-30_08_2011-1.pdf' title='aggiornamento-corno-africa-30_08_2011-1' class='wpba-link pull-left' target=\"_blank\">aggiornamento-corno-africa-30_08_2011-1<\/a><\/li>\n<\/ul><\/div>\n","protected":false},"excerpt":{"rendered":"<p>La peggiore siccit\u00e0 degli ultimi 60 anni. 10 milioni le persone colpite. E a soffrirne sono soprattutto i bambini. La rete Caritas si \u00e8 attivata per rispondere in modo adeguato e tempestivo a questa crisi. Puoi sostenere gli interventi in corso anche attraverso la Caritas della nostra diocesi<\/p>\n","protected":false},"author":0,"featured_media":1120,"comment_status":"closed","ping_status":"closed","sticky":false,"template":"","format":"standard","meta":{"_acf_changed":false,"footnotes":""},"categories":[11],"tags":[],"class_list":["post-1119","post","type-post","status-publish","format-standard","has-post-thumbnail","hentry","category-emergenze"],"acf":{"seed-localization-paese-cod":"","seed-localization-address":"","seed-localization-citta":"","seed-localization-regione-cod-istat":"","seed-localization-citta-cod-istat":"","seed-localization-localita":"","seed-localization-cap":"","seed-localization-geo":{"lat":41.90552298770031,"lng":12.509441971778871,"zoom":10,"markers":[],"address":"","layers":["OpenStreetMap.Mapnik"]},"seed-localization-marker-visibility":false,"seed-localization-children-visibility":false,"seed-localization-kml":null,"seed-localization-custom-marker":null},"_links":{"self":[{"href":"https:\/\/diocesi.concordia-pordenone.it\/caritas\/wp-json\/wp\/v2\/posts\/1119","targetHints":{"allow":["GET"]}}],"collection":[{"href":"https:\/\/diocesi.concordia-pordenone.it\/caritas\/wp-json\/wp\/v2\/posts"}],"about":[{"href":"https:\/\/diocesi.concordia-pordenone.it\/caritas\/wp-json\/wp\/v2\/types\/post"}],"author":[{"embeddable":true,"href":"https:\/\/diocesi.concordia-pordenone.it\/caritas\/wp-json\/wp\/v2\/users\/1"}],"replies":[{"embeddable":true,"href":"https:\/\/diocesi.concordia-pordenone.it\/caritas\/wp-json\/wp\/v2\/comments?post=1119"}],"version-history":[{"count":0,"href":"https:\/\/diocesi.concordia-pordenone.it\/caritas\/wp-json\/wp\/v2\/posts\/1119\/revisions"}],"wp:featuredmedia":[{"embeddable":true,"href":"https:\/\/diocesi.concordia-pordenone.it\/caritas\/wp-json\/wp\/v2\/media\/1120"}],"wp:attachment":[{"href":"https:\/\/diocesi.concordia-pordenone.it\/caritas\/wp-json\/wp\/v2\/media?parent=1119"}],"wp:term":[{"taxonomy":"category","embeddable":true,"href":"https:\/\/diocesi.concordia-pordenone.it\/caritas\/wp-json\/wp\/v2\/categories?post=1119"},{"taxonomy":"post_tag","embeddable":true,"href":"https:\/\/diocesi.concordia-pordenone.it\/caritas\/wp-json\/wp\/v2\/tags?post=1119"}],"curies":[{"name":"wp","href":"https:\/\/api.w.org\/{rel}","templated":true}]}}