{"id":1124,"date":"2011-10-23T10:48:00","date_gmt":"2011-10-23T08:48:00","guid":{"rendered":"https:\/\/diocesi.concordia-pordenone.it\/caritas\/turchia\/"},"modified":"2011-10-23T10:48:00","modified_gmt":"2011-10-23T08:48:00","slug":"turchia","status":"publish","type":"post","link":"https:\/\/diocesi.concordia-pordenone.it\/caritas\/turchia\/","title":{"rendered":"Turchia"},"content":{"rendered":"<div>\n<div><strong>VICINI ALLA POPOLAZIONE COLPITA<\/strong><\/div>\n<div><strong>ottobre 2011<\/strong><\/div>\n<div>\u00a0<\/div>\n<div>\n<div>Ancora una volta, un forte terremoto ha colpito la Turchia (7.2 della scala Richter), collocata in un\u2019area altamente sismica. \u00c8 stata coinvolta la zona di Van, la seconda citt\u00e0 in ordine di grandezza dell\u2019Est del paese, al confine con l\u2019Iran. Ma la citt\u00e0 pi\u00f9 colpita dal sisma pare sia Ercis, sulle sponde del lago di Van, insieme con altri villaggi non ancora visitati dalle squadre di soccorso. Gli edifici distrutti sono numerosi e i danni non sono stati ancora identificati nel dettaglio. Tra le strutture colpite si contano l\u2019universit\u00e0 che \u00e8 parzialmente crollata, le prigioni, dalle quali i detenuti scampati sono tutti fuggiti, un ospedale, oltre a numerosi altri edifici di ogni genere, privati e pubblici, fortemente danneggiati o parzialmente distrutti.<\/div>\n<div>Il conto delle vittime ufficiale \u00e8 ancora basso, ma si sa che <strong>numerosi villaggi nei dintorni di Van sono stati completamente distrutti<\/strong>, per cui il numero delle vittime purtroppo \u00e8 destinato a crescere. Van \u00e8 una citt\u00e0 che ospitava anche un grande numero di profughi provenienti dall\u2019Iran e dall\u2019Afganistan, residenti spesso clandestini, di passaggio per cercare una soluzione all\u2019estero, dopo le espulsioni subite.<\/div>\n<div>Caritas Italiana ha espresso vicinanza a Caritas Turchia ed \u00e8 in costante contatto. Conosce bene la zona di Van, avendo per anni sostenuto numerosi progetti riguardanti la formazione scolastica delle donne analfabete, l\u2019avviamento all\u2019attivit\u00e0 di produzione di tappeti e la creazione di un centro di formazione linguistica a sostegno dei profughi accolti nella zona.<\/div>\n<div>Oltre agli interventi di emergenza, come a seguito del terremoto del 1999 che colp\u00ec la zona di Adapazari provocando migliaia di vittime, le altre <strong>attivit\u00e0 di Caritas Italiana <\/strong>con la Caritas Turchia riguardano la ricostruzione di case per famiglie indigenti nella zona di Izmir, anch\u2019essa colpita in passato da un terremoto, il supporto alla Caritas di Izmir, che opera a favore dei diseredati della citt\u00e0, con iniziative per il centro di cura dei bambini autistici, il co-finanziamento di azioni inter-parrocchiali a favore dei rifugiati di diverse provenienze in Istanbul, il sostegno alle attivit\u00e0 di cura e studio del problema dei giovani adolescenti a rischio nella citt\u00e0 di Istanbul.<\/div>\n<p>Questa presenza costante nel tempo consentir\u00e0 una pronta capacit\u00e0 di attivazione non solo nell\u2019emergenza, ma soprattutto nel medio-lungo periodo, puntando ad un rafforzamento delle capacit\u00e0 operative locali.<\/p><\/div>\n<div>\u00a0<\/div>\n<div>\u00a0<\/div>\n<div>Anche la Caritas della nostra diocesi si \u00e8 attivata: chi voglia sostenere gli interventi in corso (causale <strong>Terremoto Turchia 2011<\/strong>) pu\u00f2 inviare offerte alla Caritas di Concordia-Pordenone tramite:<\/div>\n<div>\u00a0<\/div>\n<div><strong>Banca Friuladria \u2014 Cr\u00e9dit Agricole<\/strong><\/div>\n<div>C\/C 00004031561<\/div>\n<div>ABI 05336<\/div>\n<div>CAB 12500<\/div>\n<div>IBAN IT 09 E 05336 12500 000040301561<\/div>\n<div>\u00a0<\/div>\n<div><strong>Banca Popolare Etica<\/strong><\/div>\n<div>C\/C 000000105618<\/div>\n<div>ABI 05018<\/div>\n<div>CAB 12000<\/div>\n<div>IBAN IT 22\u00a0M 05018 12000 000000105618<\/div>\n<div>\u00a0<\/div>\n<div><strong>Poste Italiane<\/strong><\/div>\n<div>C\/C 000011507597<\/div>\n<div>ABI 07601<\/div>\n<div>CAB 12500<\/div>\n<div>IBAN IT 94 X 07601 12500 000011507597<\/div>\n<div>\u00a0<\/div>\n<div>Per il <strong>bollettino postale <\/strong>C\/C 000011507597<\/div>\n<\/div>\n<hr class=\"wpba_attachment_hr\">","protected":false},"excerpt":{"rendered":"<p>VICINI ALLA POPOLAZIONE COLPITA ottobre 2011 \u00a0 Ancora una volta, un forte terremoto ha colpito la Turchia (7.2 della scala Richter), collocata in un\u2019area altamente sismica. \u00c8 stata coinvolta la zona di Van, la seconda citt\u00e0 in ordine di grandezza dell\u2019Est del paese, al confine con l\u2019Iran. Ma la citt\u00e0 pi\u00f9 colpita dal sisma pare sia Ercis, sulle sponde del lago di Van, insieme con &hellip; <a href=\"https:\/\/diocesi.concordia-pordenone.it\/caritas\/turchia\/\" class=\"more-link\">Continue reading <span class=\"screen-reader-text\"><\/span> <span class=\"meta-nav\">&raquo;<\/span><\/a><\/p>\n","protected":false},"author":0,"featured_media":1125,"comment_status":"closed","ping_status":"closed","sticky":false,"template":"","format":"standard","meta":{"_acf_changed":false,"footnotes":""},"categories":[11],"tags":[],"class_list":["post-1124","post","type-post","status-publish","format-standard","has-post-thumbnail","hentry","category-emergenze"],"acf":{"seed-localization-paese-cod":"","seed-localization-address":"","seed-localization-citta":"","seed-localization-regione-cod-istat":"","seed-localization-citta-cod-istat":"","seed-localization-localita":"","seed-localization-cap":"","seed-localization-geo":{"lat":41.90552298770031,"lng":12.509441971778871,"zoom":10,"markers":[],"address":"","layers":["OpenStreetMap.Mapnik"]},"seed-localization-marker-visibility":false,"seed-localization-children-visibility":false,"seed-localization-kml":null,"seed-localization-custom-marker":null},"_links":{"self":[{"href":"https:\/\/diocesi.concordia-pordenone.it\/caritas\/wp-json\/wp\/v2\/posts\/1124","targetHints":{"allow":["GET"]}}],"collection":[{"href":"https:\/\/diocesi.concordia-pordenone.it\/caritas\/wp-json\/wp\/v2\/posts"}],"about":[{"href":"https:\/\/diocesi.concordia-pordenone.it\/caritas\/wp-json\/wp\/v2\/types\/post"}],"author":[{"embeddable":true,"href":"https:\/\/diocesi.concordia-pordenone.it\/caritas\/wp-json\/wp\/v2\/users\/1"}],"replies":[{"embeddable":true,"href":"https:\/\/diocesi.concordia-pordenone.it\/caritas\/wp-json\/wp\/v2\/comments?post=1124"}],"version-history":[{"count":0,"href":"https:\/\/diocesi.concordia-pordenone.it\/caritas\/wp-json\/wp\/v2\/posts\/1124\/revisions"}],"wp:featuredmedia":[{"embeddable":true,"href":"https:\/\/diocesi.concordia-pordenone.it\/caritas\/wp-json\/wp\/v2\/media\/1125"}],"wp:attachment":[{"href":"https:\/\/diocesi.concordia-pordenone.it\/caritas\/wp-json\/wp\/v2\/media?parent=1124"}],"wp:term":[{"taxonomy":"category","embeddable":true,"href":"https:\/\/diocesi.concordia-pordenone.it\/caritas\/wp-json\/wp\/v2\/categories?post=1124"},{"taxonomy":"post_tag","embeddable":true,"href":"https:\/\/diocesi.concordia-pordenone.it\/caritas\/wp-json\/wp\/v2\/tags?post=1124"}],"curies":[{"name":"wp","href":"https:\/\/api.w.org\/{rel}","templated":true}]}}