{"id":1146,"date":"2016-08-24T14:57:00","date_gmt":"2016-08-24T12:57:00","guid":{"rendered":"https:\/\/diocesi.concordia-pordenone.it\/caritas\/centro-italia\/"},"modified":"2016-08-24T14:57:00","modified_gmt":"2016-08-24T12:57:00","slug":"centro-italia","status":"publish","type":"post","link":"https:\/\/diocesi.concordia-pordenone.it\/caritas\/centro-italia\/","title":{"rendered":"Centro Italia"},"content":{"rendered":"<div>\n<div><strong>CATASTORFICO TERREMOTO<\/strong><\/div>\n<div><strong>agosto 2016<\/strong><\/div>\n<div>\u00a0<\/div>\n<div>Anche la Caritas Diocesana di Concordia-Pordenone si \u00e8 attivata per raccogliere fondi\u00a0in favore delle popolazioni del Centro Italia colpite dal terremoto del 24 agosto.<\/div>\n<div>La raccolta risponde all&#8217;appello della CEI, che ha disposto l&#8217;immediato stanziamento di\u00a01 milione di euro dai fondi 8&#215;1000, e di Caritas Italiana, che ha messo a disposizione una prima cifra di 100mila euro.<\/div>\n<div>La CEI ha indetto una colletta nazionale da tenersi in tutte le chiese italiane domenica 18 settembre. <\/div>\n<div>Caritas Italiana si \u00e8 subito attivata con i suoi operatori sul posto, per coordinare gli aiuti.<\/div>\n<div>\u00a0<\/div>\n<div><strong>In queste prime fasi di emergenza non \u00e8 possibile recarsi sul posto per fare volontariato<\/strong>.<\/div>\n<div>Chi fosse disponibile, pu\u00f2 contattare la Caritas Diocesana (0434 546811 &#8211; caritas@diocesiconcordiapordenone.it): raccogliamo le disponibilit\u00e0 per eventuali attivit\u00e0 di accompagnamento a medio-lungo termine delle comunit\u00e0.<\/div>\n<div><strong>Al momento non sono previste raccolte di viveri, vestiario o altro materiale.<\/strong><\/div>\n<div><strong>Si pu\u00f2 essere d&#8217;aiuto aderendo alla raccolta fondi.<\/strong><\/div>\n<div>\u00a0<\/div>\n<div>\u00a0<\/div>\n<div><strong>Per aiutare la popolazione in difficolt\u00e0 si pu\u00f2:<\/strong><\/div>\n<div>\u00a0<\/div>\n<div>consegnare un\u2019offerta <strong>presso gli uffici della Caritas Diocesana<\/strong><\/div>\n<div>in via Madonna Pellegrina 11, a Pordenone<\/div>\n<div>da luned\u00ec a venerd\u00ec 9.00-12.30 \/ 14.30-16.00<\/div>\n<div>\u00a0<\/div>\n<div>contribuire, scrivendo la <strong>causale \u201cColletta terremoto Centro Italia\u201d<\/strong>,<\/div>\n<div>utilizzando il c\/c intestato a Caritas Diocesana di Concordia-Pordenone <br ><\/div>\n<div>presso:<\/div>\n<div>Banca FriulAdria &#8211; Cr\u00e9dit Agricole<\/div>\n<p>IBAN IT 09 E 05336 12500 000040301561<\/p>\n<div>\u00a0<\/div>\n<p>\u00a0 <br ><\/p>\n<div>\u00a0<\/div>\n<div>\u00a0<\/div>\n<\/div>\n<hr class=\"wpba_attachment_hr\"><div id='wpba_attachment_list' class='wpba wpba-wrap'>\n<ul class='wpba-attachment-list unstyled'><li id='wpba_attachment_list_1148' class='wpba-list-item pull-left'><img src='https:\/\/diocesi.concordia-pordenone.it\/caritas\/wp-content\/themes\/wp-starter-so\/icons\/document.png' width='16' height='20' class='wpba-icon pull-left'><a href='https:\/\/diocesi.concordia-pordenone.it\/caritas\/wp-content\/uploads\/sites\/3\/2021\/06\/spunti-colletta-18-settembre-1.pdf' title='spunti-colletta-18-settembre-1' class='wpba-link pull-left' target=\"_blank\">spunti-colletta-18-settembre-1<\/a><\/li>\n<li id='wpba_attachment_list_1149' class='wpba-list-item pull-left'><img src='https:\/\/diocesi.concordia-pordenone.it\/caritas\/wp-content\/themes\/wp-starter-so\/icons\/document.png' width='16' height='20' class='wpba-icon pull-left'><a href='https:\/\/diocesi.concordia-pordenone.it\/caritas\/wp-content\/uploads\/sites\/3\/2021\/06\/comunicato-caritas-italiana-23_11_2016-2.pdf' title='comunicato-caritas-italiana-23_11_2016-2' class='wpba-link pull-left' target=\"_blank\">comunicato-caritas-italiana-23_11_2016-2<\/a><\/li>\n<li id='wpba_attachment_list_1150' class='wpba-list-item pull-left'><img src='https:\/\/diocesi.concordia-pordenone.it\/caritas\/wp-content\/themes\/wp-starter-so\/icons\/document.png' width='16' height='20' class='wpba-icon pull-left'><a href='https:\/\/diocesi.concordia-pordenone.it\/caritas\/wp-content\/uploads\/sites\/3\/2021\/06\/comunicato-caritas-italiana-24_10_2016-2.pdf' title='comunicato-caritas-italiana-24_10_2016-2' class='wpba-link pull-left' target=\"_blank\">comunicato-caritas-italiana-24_10_2016-2<\/a><\/li>\n<li id='wpba_attachment_list_1151' class='wpba-list-item pull-left'><img src='https:\/\/diocesi.concordia-pordenone.it\/caritas\/wp-content\/themes\/wp-starter-so\/icons\/document.png' width='16' height='20' class='wpba-icon pull-left'><a href='https:\/\/diocesi.concordia-pordenone.it\/caritas\/wp-content\/uploads\/sites\/3\/2021\/06\/comunicato-caritas-italiana-19_01_2017-2.pdf' title='comunicato-caritas-italiana-19_01_2017-2' class='wpba-link pull-left' target=\"_blank\">comunicato-caritas-italiana-19_01_2017-2<\/a><\/li>\n<li id='wpba_attachment_list_1152' class='wpba-list-item pull-left'><img src='https:\/\/diocesi.concordia-pordenone.it\/caritas\/wp-content\/themes\/wp-starter-so\/icons\/document.png' width='16' height='20' class='wpba-icon pull-left'><a href='https:\/\/diocesi.concordia-pordenone.it\/caritas\/wp-content\/uploads\/sites\/3\/2021\/06\/comunicato-caritas-italiana-26_08_2016-3.pdf' title='comunicato-caritas-italiana-26_08_2016-3' class='wpba-link pull-left' target=\"_blank\">comunicato-caritas-italiana-26_08_2016-3<\/a><\/li>\n<li id='wpba_attachment_list_1153' class='wpba-list-item pull-left'><img src='https:\/\/diocesi.concordia-pordenone.it\/caritas\/wp-content\/themes\/wp-starter-so\/icons\/document.png' width='16' height='20' class='wpba-icon pull-left'><a href='https:\/\/diocesi.concordia-pordenone.it\/caritas\/wp-content\/uploads\/sites\/3\/2021\/06\/comunicato-caritas-italiana-24_08_2016-3.pdf' title='comunicato-caritas-italiana-24_08_2016-3' class='wpba-link pull-left' target=\"_blank\">comunicato-caritas-italiana-24_08_2016-3<\/a><\/li>\n<li id='wpba_attachment_list_1154' class='wpba-list-item pull-left'><img src='https:\/\/diocesi.concordia-pordenone.it\/caritas\/wp-content\/themes\/wp-starter-so\/icons\/document.png' width='16' height='20' class='wpba-icon pull-left'><a href='https:\/\/diocesi.concordia-pordenone.it\/caritas\/wp-content\/uploads\/sites\/3\/2021\/06\/locandina_colletta_terremoto2016_caritas_pordenone-3.pdf' title='locandina_colletta_terremoto2016_caritas_pordenone-3' class='wpba-link pull-left' target=\"_blank\">locandina_colletta_terremoto2016_caritas_pordenone-3<\/a><\/li>\n<li id='wpba_attachment_list_1155' class='wpba-list-item pull-left'><img src='https:\/\/diocesi.concordia-pordenone.it\/caritas\/wp-content\/themes\/wp-starter-so\/icons\/document.png' width='16' height='20' class='wpba-icon pull-left'><a href='https:\/\/diocesi.concordia-pordenone.it\/caritas\/wp-content\/uploads\/sites\/3\/2021\/06\/comunicato-caritas-italiana-27_10_2016-2.pdf' title='comunicato-caritas-italiana-27_10_2016-2' class='wpba-link pull-left' target=\"_blank\">comunicato-caritas-italiana-27_10_2016-2<\/a><\/li>\n<li id='wpba_attachment_list_1156' class='wpba-list-item pull-left'><img src='https:\/\/diocesi.concordia-pordenone.it\/caritas\/wp-content\/themes\/wp-starter-so\/icons\/document.png' width='16' height='20' class='wpba-icon pull-left'><a href='https:\/\/diocesi.concordia-pordenone.it\/caritas\/wp-content\/uploads\/sites\/3\/2021\/06\/comunicato-caritas-italiana-23_09_2016-3.pdf' title='comunicato-caritas-italiana-23_09_2016-3' class='wpba-link pull-left' target=\"_blank\">comunicato-caritas-italiana-23_09_2016-3<\/a><\/li>\n<li id='wpba_attachment_list_1157' class='wpba-list-item pull-left'><img src='https:\/\/diocesi.concordia-pordenone.it\/caritas\/wp-content\/themes\/wp-starter-so\/icons\/document.png' width='16' height='20' class='wpba-icon pull-left'><a href='https:\/\/diocesi.concordia-pordenone.it\/caritas\/wp-content\/uploads\/sites\/3\/2021\/06\/comunicato-caritas-italiana-25_08_2016-3.pdf' title='comunicato-caritas-italiana-25_08_2016-3' class='wpba-link pull-left' target=\"_blank\">comunicato-caritas-italiana-25_08_2016-3<\/a><\/li>\n<li id='wpba_attachment_list_1158' class='wpba-list-item pull-left'><img src='https:\/\/diocesi.concordia-pordenone.it\/caritas\/wp-content\/themes\/wp-starter-so\/icons\/document.png' width='16' height='20' class='wpba-icon pull-left'><a href='https:\/\/diocesi.concordia-pordenone.it\/caritas\/wp-content\/uploads\/sites\/3\/2021\/06\/dossier-ecologia-umana_agosto-2016-4.pdf' title='dossier-ecologia-umana_agosto-2016-4' class='wpba-link pull-left' target=\"_blank\">dossier-ecologia-umana_agosto-2016-4<\/a><\/li>\n<li id='wpba_attachment_list_1159' class='wpba-list-item pull-left'><img src='https:\/\/diocesi.concordia-pordenone.it\/caritas\/wp-content\/themes\/wp-starter-so\/icons\/document.png' width='16' height='20' class='wpba-icon pull-left'><a href='https:\/\/diocesi.concordia-pordenone.it\/caritas\/wp-content\/uploads\/sites\/3\/2021\/06\/comunicato-caritas-italiana-10_11_2016-2.pdf' title='comunicato-caritas-italiana-10_11_2016-2' class='wpba-link pull-left' target=\"_blank\">comunicato-caritas-italiana-10_11_2016-2<\/a><\/li>\n<\/ul><\/div>\n","protected":false},"excerpt":{"rendered":"<p>CATASTORFICO TERREMOTO agosto 2016 \u00a0 Anche la Caritas Diocesana di Concordia-Pordenone si \u00e8 attivata per raccogliere fondi\u00a0in favore delle popolazioni del Centro Italia colpite dal terremoto del 24 agosto. La raccolta risponde all&#8217;appello della CEI, che ha disposto l&#8217;immediato stanziamento di\u00a01 milione di euro dai fondi 8&#215;1000, e di Caritas Italiana, che ha messo a disposizione una prima cifra di 100mila euro. La CEI ha &hellip; <a href=\"https:\/\/diocesi.concordia-pordenone.it\/caritas\/centro-italia\/\" class=\"more-link\">Continue reading <span class=\"screen-reader-text\"><\/span> <span class=\"meta-nav\">&raquo;<\/span><\/a><\/p>\n","protected":false},"author":0,"featured_media":1147,"comment_status":"closed","ping_status":"closed","sticky":false,"template":"","format":"standard","meta":{"_acf_changed":false,"footnotes":""},"categories":[11],"tags":[],"class_list":["post-1146","post","type-post","status-publish","format-standard","has-post-thumbnail","hentry","category-emergenze"],"acf":{"seed-localization-paese-cod":"","seed-localization-address":"","seed-localization-citta":"","seed-localization-regione-cod-istat":"","seed-localization-citta-cod-istat":"","seed-localization-localita":"","seed-localization-cap":"","seed-localization-geo":{"lat":41.90552298770031,"lng":12.509441971778871,"zoom":10,"markers":[],"address":"","layers":["OpenStreetMap.Mapnik"]},"seed-localization-marker-visibility":false,"seed-localization-children-visibility":false,"seed-localization-kml":null,"seed-localization-custom-marker":null},"_links":{"self":[{"href":"https:\/\/diocesi.concordia-pordenone.it\/caritas\/wp-json\/wp\/v2\/posts\/1146","targetHints":{"allow":["GET"]}}],"collection":[{"href":"https:\/\/diocesi.concordia-pordenone.it\/caritas\/wp-json\/wp\/v2\/posts"}],"about":[{"href":"https:\/\/diocesi.concordia-pordenone.it\/caritas\/wp-json\/wp\/v2\/types\/post"}],"author":[{"embeddable":true,"href":"https:\/\/diocesi.concordia-pordenone.it\/caritas\/wp-json\/wp\/v2\/users\/1"}],"replies":[{"embeddable":true,"href":"https:\/\/diocesi.concordia-pordenone.it\/caritas\/wp-json\/wp\/v2\/comments?post=1146"}],"version-history":[{"count":0,"href":"https:\/\/diocesi.concordia-pordenone.it\/caritas\/wp-json\/wp\/v2\/posts\/1146\/revisions"}],"wp:featuredmedia":[{"embeddable":true,"href":"https:\/\/diocesi.concordia-pordenone.it\/caritas\/wp-json\/wp\/v2\/media\/1147"}],"wp:attachment":[{"href":"https:\/\/diocesi.concordia-pordenone.it\/caritas\/wp-json\/wp\/v2\/media?parent=1146"}],"wp:term":[{"taxonomy":"category","embeddable":true,"href":"https:\/\/diocesi.concordia-pordenone.it\/caritas\/wp-json\/wp\/v2\/categories?post=1146"},{"taxonomy":"post_tag","embeddable":true,"href":"https:\/\/diocesi.concordia-pordenone.it\/caritas\/wp-json\/wp\/v2\/tags?post=1146"}],"curies":[{"name":"wp","href":"https:\/\/api.w.org\/{rel}","templated":true}]}}