{"id":115,"date":"2013-03-22T10:46:00","date_gmt":"2013-03-22T09:46:00","guid":{"rendered":"https:\/\/diocesi.concordia-pordenone.it\/caritas\/fondo-diocesano-di-solidarieta\/"},"modified":"2013-03-22T10:46:00","modified_gmt":"2013-03-22T09:46:00","slug":"fondo-diocesano-di-solidarieta","status":"publish","type":"post","link":"https:\/\/diocesi.concordia-pordenone.it\/caritas\/fondo-diocesano-di-solidarieta\/","title":{"rendered":"Fondo Diocesano di Solidariet\u00e0"},"content":{"rendered":"<div><strong>Luned\u00ec 25 gennaio, alle ore 19.00<\/strong>, nell\u2019Auditorium del Centro diocesano di Attivit\u00e0 pastorali di via Revedole, <strong>il vescovo ha invitato i rappresentanti degli enti, delle banche e delle fondazioni <\/strong>presenti sul territorio diocesano per coinvolgerli nella costituzione del nuovo Fondo diocesano di solidariet\u00e0, un\u2019iniziativa sul solco di quella gi\u00e0 avviata con successo nel 2009, nel momento dello scoppio della crisi economica. La chiesa di Concordia-Pordenone intende, infatti, ricostruire il Fondo diocesano di solidariet\u00e0, perch\u00e9 questo strumento si affianchi alle molteplici azioni e iniziative del territorio, nonch\u00e9 all\u2019opera dei servizi pubblici, per aiutare chi si trova in una posizione svantaggiata in questo periodo di crisi.<\/div>\n<div>Il Fondo era stato costituito nel 2009, per far fronte alle povert\u00e0 emergenti: nella gestione di questa attivit\u00e0 sono state ascoltate 594 persone, segnalate dai parroci o dai volontari delle Caritas parrocchiali o foraniali, e 442 persone hanno potuto usufruire del Fondo almeno una volta, per un totale di 396.178,81 euro.<\/div>\n<div>In questi anni molte parrocchie, unit\u00e0 pastorali e foranie si sono organizzate con modalit\u00e0 e strumenti diversi, con l\u2019aiuto della Caritas diocesana e delle associazioni, come le confraternite di San Vincenzo, per organizzare strumenti e interventi, per venire incontro a situazioni di disagio e favorire percorsi di inclusione e reinserimento sociale e lavorativo. La crisi, nel frattempo, si \u00e8 fatta pi\u00f9 acuta: questo sollecita la Chiesa a rinnovare l\u2019impegno, cercando di coinvolgere anche le realt\u00e0 economiche del territorio che, in varia forma, possono collaborare per aiutare chi rischia di scivolare in situazione di grave povert\u00e0, a partire dalle famiglie con minori, ma anche tutti coloro che si trovano in una situazione di disagio economico.<\/div>\n<div>Con l\u2019invito del 25 marzo il vescovo sollecita il territorio ad essere pi\u00f9 intraprendente e solidale, per migliorare le condizioni di vita di tutti coloro che si trovano in difficolt\u00e0. Parteciperanno all\u2019incontro l\u2019Unione degli Industriali della Provincia di Pordenone, Confesercenti Associazione Commercianti, Unione degli Artigiani e delle Piccole e Medie Imprese della Provincia di Pordenone, Confcooperative Unione Provinciale Cooperative di Pordenone, Bcc Pordenonese, FriulAdria Cr\u00e9dit Agricole, Banca Mediocredito del Friuli Venezia Giulia, FriulOvest Banca, Fondazione Crup ufficio di rappresentanza di Pordenone. <\/div>\n<div>\u00a0<\/div>\n<hr class=\"wpba_attachment_hr\">","protected":false},"excerpt":{"rendered":"<p>Luned\u00ec 25 gennaio, alle ore 19.00, nell\u2019Auditorium del Centro diocesano di Attivit\u00e0 pastorali di via Revedole, il vescovo ha invitato i rappresentanti degli enti, delle banche e delle fondazioni presenti sul territorio diocesano per coinvolgerli nella costituzione del nuovo Fondo diocesano di solidariet\u00e0, un\u2019iniziativa sul solco di quella gi\u00e0 avviata con successo nel 2009, nel momento dello scoppio della crisi economica<\/p>\n","protected":false},"author":0,"featured_media":116,"comment_status":"closed","ping_status":"closed","sticky":false,"template":"","format":"standard","meta":{"_acf_changed":false,"footnotes":""},"categories":[4],"tags":[],"class_list":["post-115","post","type-post","status-publish","format-standard","has-post-thumbnail","hentry","category-news-in-primo-piano"],"acf":{"seed-localization-paese-cod":"","seed-localization-address":"","seed-localization-citta":"","seed-localization-regione-cod-istat":"","seed-localization-citta-cod-istat":"","seed-localization-localita":"","seed-localization-cap":"","seed-localization-geo":{"lat":41.90552298770031,"lng":12.509441971778871,"zoom":10,"markers":[],"address":"","layers":["OpenStreetMap.Mapnik"]},"seed-localization-marker-visibility":false,"seed-localization-children-visibility":false,"seed-localization-kml":null,"seed-localization-custom-marker":null},"_links":{"self":[{"href":"https:\/\/diocesi.concordia-pordenone.it\/caritas\/wp-json\/wp\/v2\/posts\/115","targetHints":{"allow":["GET"]}}],"collection":[{"href":"https:\/\/diocesi.concordia-pordenone.it\/caritas\/wp-json\/wp\/v2\/posts"}],"about":[{"href":"https:\/\/diocesi.concordia-pordenone.it\/caritas\/wp-json\/wp\/v2\/types\/post"}],"author":[{"embeddable":true,"href":"https:\/\/diocesi.concordia-pordenone.it\/caritas\/wp-json\/wp\/v2\/users\/1"}],"replies":[{"embeddable":true,"href":"https:\/\/diocesi.concordia-pordenone.it\/caritas\/wp-json\/wp\/v2\/comments?post=115"}],"version-history":[{"count":0,"href":"https:\/\/diocesi.concordia-pordenone.it\/caritas\/wp-json\/wp\/v2\/posts\/115\/revisions"}],"wp:featuredmedia":[{"embeddable":true,"href":"https:\/\/diocesi.concordia-pordenone.it\/caritas\/wp-json\/wp\/v2\/media\/116"}],"wp:attachment":[{"href":"https:\/\/diocesi.concordia-pordenone.it\/caritas\/wp-json\/wp\/v2\/media?parent=115"}],"wp:term":[{"taxonomy":"category","embeddable":true,"href":"https:\/\/diocesi.concordia-pordenone.it\/caritas\/wp-json\/wp\/v2\/categories?post=115"},{"taxonomy":"post_tag","embeddable":true,"href":"https:\/\/diocesi.concordia-pordenone.it\/caritas\/wp-json\/wp\/v2\/tags?post=115"}],"curies":[{"name":"wp","href":"https:\/\/api.w.org\/{rel}","templated":true}]}}