{"id":1249,"date":"2010-10-04T10:08:00","date_gmt":"2010-10-04T08:08:00","guid":{"rendered":"https:\/\/diocesi.concordia-pordenone.it\/caritas\/non-aver-paura\/"},"modified":"2010-10-04T10:08:00","modified_gmt":"2010-10-04T08:08:00","slug":"non-aver-paura","status":"publish","type":"post","link":"https:\/\/diocesi.concordia-pordenone.it\/caritas\/non-aver-paura\/","title":{"rendered":"Non aver paura"},"content":{"rendered":"<div>\n<div style=\"text-align: left\"><b>Non aver paura, apriti agli altri, apri ai diritti<\/b><\/div>\n<div style=\"text-align: left\"><b>Manifesto per una campagna nazionale contro il razzismo, l\u2019indifferenza e la paura dell\u2019altro<\/b><\/div>\n<div style=\"text-align: left\">Pi\u00f9 di quattro milioni di persone di origine straniera vivono oggi in Italia. Si tratta in gran parte di lavoratrici e lavoratori che contribuiscono al benessere di questo Paese e che lentamente e faticosamente, sono entrati a far parte della nostra comunit\u00e0.<\/div>\n<div style=\"text-align: left\">Persone spesso vittime di pregiudizi e usate come capri espiatori specialmente quando aumentano l\u2019insicurezza economica e il disagio sociale.<\/div>\n<div style=\"text-align: left\">Chi alimenta il razzismo e la xenofobia attraverso la diffusione di informazioni fuorvianti e campagne di criminalizzazione fa prima di tutto un danno al Paese. L\u2019aumento degli episodi di intolleranza e violenza razzista a cui assistiamo sono sintomi preoccupanti di un corto circuito che rischia di degenerare e che ci allontana dai riferimenti cardine della nostra civilt\u00e0.<\/div>\n<div style=\"text-align: left\">Tutti gli esseri umani nascono liberi ed eguali in dignit\u00e0 e diritti. Ad ogni individuo spettano tutti i diritti e tutte le libert\u00e0 enunciate nella Costituzione italiana e nella Dichiarazione Universale dei Diritti Umani, senza distinzione alcuna di nazionalit\u00e0, colore della pelle, sesso, lingua, religione, opinione politica, origine, condizioni economiche e sociali, nascita o altro.<\/div>\n<div style=\"text-align: left\">Sono questi i principi fondamentali che accomunano ogni essere umano e costituiscono la base di ogni moderna democrazia.<\/div>\n<div style=\"text-align: left\">Una societ\u00e0 che si chiude sempre di pi\u00f9 in se stessa, che cede alla paura degli stranieri e delle differenze, \u00e8 una societ\u00e0 meno libera, meno democratica e senza futuro.<\/div>\n<div style=\"text-align: left\">Non si possono difendere i nostri diritti senza affermare i diritti di ogni individuo, a cominciare da chi \u00e8 debole e spesso straniero. Il benessere e la dignit\u00e0 di ognuno di noi sono strettamente legati a quelli di chi ci vive accanto, chiunque esso sia.<\/div>\n<div style=\"text-align: left\">In Italia milioni di nuovi cittadini stanno diventando le vittime dell\u2019insicurezza economica e del disagio sociale. Abbiamo assistito negli ultimi mesi a vere e proprie campagne di criminalizzazione contro immigrati e rom. Lo straniero, il diverso, l\u2019escluso \u00e8 diventato troppo spesso vittima di violenza. La paura non pu\u00f2 che creare violenza.<\/div>\n<div style=\"text-align: left\"><b>Di fronte a tutto questo<strong> molte associazioni hanno deciso di reagire.<\/strong><\/b><\/div>\n<div style=\"text-align: left\">Tante associazioni, di ogni estrazione, con storie diverse. Un solo obiettivo.<br \/>Uno sforzo collettivo e concreto che, nei prossimi mesi, vuole dare voce e credibilit\u00e0 a un messaggio di &#8220;lungo respiro&#8221; che sappia creare e supportare una reazione coordinata al razzismo e alla paura.<\/div>\n<div style=\"text-align: left\"><strong>Dobbiamo sostenere i diritti e la dignit\u00e0 di ognuno. Su tutto il territorio e in ogni circostanza.<\/strong><\/div>\n<div style=\"text-align: left\">Vogliamo dare visibilit\u00e0 a una realt\u00e0 che gi\u00e0 esiste, creare una rete che colleghi e dia energia all\u2019indignazione e ai sentimenti di solidariet\u00e0 che, bench\u00e9 siano gi\u00e0 presenti nelle realt\u00e0 sensibili al tema, faticano ad emergere.<br \/>E vogliamo coinvolgere in questo percorso il maggior numero di persone possibili, di ogni et\u00e0, per chiamare tutti all\u2019assunzione delle proprie responsabilit\u00e0. L\u2019adesione deve trasformarsi in partecipazione e impegno concreto.<br \/>Vogliamo creare una rete nazionale per una societ\u00e0 pi\u00f9 libera, pi\u00f9 democratica e con un futuro, che sappia trovare nelle realt\u00e0 locali, sul territorio, la sua vera linfa vitale. Un percorso articolato e coordinato, nel quale il lavoro e l\u2019impegno quotidiano dei singoli si inseriscono in una cornice comunicativa comune, che sappia placare la paura dello straniero strumentalizzata dalla politica e dai media.<\/div>\n<div style=\"text-align: left\"><b>Che cos\u2019\u00e8 il razzismo <\/b><\/div>\n<div style=\"text-align: left\">Il termine razzismo indica le dottrine o credenze sulla superiorit\u00e0 razziale ed include la convinzione che caratteristiche culturali, qualit\u00e0 morali e capacit\u00e0 Intellettive siano legate alla razza di appartenenza. Secondo tale ideologia, dunque, tutta l\u2019umanit\u00e0 sarebbe classificata secondo una scala di razze biologicamente differenti, partendo dal gradino pi\u00f9 basso delle razze \u201cprimitive\u201d \u201cdeboli\u201d, \u201cistintive\u201d, fino ad arrivare ai gradini superiori delle razze \u201ccivilizzate\u201d, \u201cforti\u201d, \u201crazionali\u201d e quindi dominanti. Questa concezione presuppone un pregiudizio di base e comporta un discriminazione. Molti studiosi hanno adottato poi la terminologia razzismo istituzionalizzato per indicare quelle forme di razzismo, per cosi dire, socio-strutturali in cui l\u2019ideologia razzista \u00e8 incorporata nel sistemi giuridici, amministrativi e sociali. Dunque, Il razzismo istituzionalizzato ~ Il risultato dl Interessi di classe a livello nazionale o un prodotto del colonialismo e dell\u2019imperialismo, a livello internazionale. In questi termini, l\u2019ideologia razzista serve per giustificare e mantenere in rapporto di subordinazione e sfruttamento popolazioni assoggettate, \u201cin virt\u00f9 della loro Inferiorit\u00e0 biologica\u201d.<\/div>\n<div style=\"text-align: left\">In ogni caso, oggi, quando parliamo dl razzismo, istintivamente pensiamo al razzismo del bianco contro Il nero o di una razza contro un\u2019altra razza, Il che \u00e8 etimologicamente corretto; ma razzismo va inteso in senso lato, come intolleranza e discriminazione dell\u2019altro perch\u00e9 \u201cdiverso\u201d, \u201cestraneo\u201d, \u2018straniero\u201d, da cui deriva li termine xenofobia (da greco xen\u00e0s = straniero).<\/div>\n<div style=\"text-align: left\">Dunque, possiamo avere discriminazioni nei confronti del disabili, degli stranieri, dei sofferenti psichici, degli ebrei, dei neri, dei meridionali, degli zingari, dei drogati, degli anziani, delle donne, ecc. In ogni caso, il razzismo \u00e8 l\u2019enfatizzazione, In negativo, della differenza, a vantaggio dl chi esprime il giudizio, e a danno di chi lo subisce, Comunque, il pregiudizio, la discriminazione di mentalit\u00e0 razzista e xenofoba derivano da profondi conflitti collettivi in ambito sociologico o Individuali In ambito psicologico.<\/div>\n<div style=\"text-align: left\">Sociologicamente, come abbiamo detto, i processi di conflitto tra gruppi derivano dalla competizione per le risorse, per il territorio, per le opportunit\u00e0 dl lavoro, per l\u2019accumulo delle ricchezze; pertanto, un gruppo che si sente minacciato dalla presenza dl un altro gruppo in questo senso rafforza e giustifica la propria posizione aggressiva e di prevaricazione con una supposta superiorit\u00e0 che d\u00e0 ad esso diritto e legittimazione ad un\u2019azione dl forza.<\/div>\n<div style=\"text-align: left\">Dal punto dl vista psicologico, invece, Il pregiudizio e la discriminazione sono, secondo gli esperti, il sintomo di profondi conflitti di personalit\u00e0.<\/div>\n<div style=\"text-align: left\">\u00a0<\/div>\n<div style=\"text-align: left\"><b>Cosa \u00e8 stato fatto <\/b><\/div>\n<div style=\"text-align: left\">Il 10 dicembre 1948, l\u2019Assemblea Generale delle Nazioni Unite ha approvato e proclamato la Dichiarazione Universale dei Diritti Umani e si \u00e8 impegnata a diffondere ampiamente tale Dichiarazione, La Dichiarazione Universale rappresenta uno sforzo per fare dei diritti umani una realt\u00e0 nel mondo intero, a livello Internazionale, per prevenire la loro violazione, edificarne un partenariato universale, e costruire una rete dl solidariet\u00e0 e di pace, dl democrazia e dl sviluppo,<\/div>\n<div style=\"text-align: left\">\u00a0<\/div>\n<div style=\"text-align: left\"><b>Cosa possiamo fare <\/b><\/div>\n<div style=\"text-align: left\">Il clima che si respira nel nostro Paese \u00e8 sempre pi\u00f9 teso. Crescono gli episodi di intolleranza e xenofobia, ma soprattutto le frasi fatte, gli insulti sugli autobus, l\u2019insofferenza verso il diverso, Le dichiarazioni ad effetto di alcuni politici e le strumentalizzazioni dl fatti dl cronaca troppo enfatizzati dal media concorrono a far passare un messaggio pericoloso: i confini di quel che \u00e8 lecito dire (e fare) dipendono dall\u2019origine, dallo status o addirittura dal colore della pelle di chi ci troviamo davanti, In un mondo in cui le Informazioni sono alla portata di tutti In qualsiasi momento, l\u2019ignoranza non sembra diminuire. Si radica, anzi, anche dove non ci aspetteremmo di trovarla, nascosta dall\u2019illusione di \u201csapere tutto\u201d, o almeno di sapere quanto basta per dare dei giudizi. In una societ\u00e0 di definizioni facili e di slogan, alcuni temi pi\u00f9 complessi sono penalizzati in partenza e rischiano di dare adito a pregiudizi. L\u2019unica strada efficace \u00e8 prendersi Il tempo per capire meglio, fuori dai dibattiti rissosi che vanno dl moda In televisione. Non \u00e8 un caso che il razzismo trionfi maggiormente nei Paesi Ricchi, Paesi, cio\u00e8, in cui la spinta all\u2019individualismo e alla competitivit\u00e0 sono maggiori, dove mancano uno spiccato senso della solidariet\u00e0 ed una comunione di mezzi e dl attivit\u00e0 finalizzate al benessere di tutta la comunit\u00e0, intesa come co-operazione dl tutti gli individui che ne fanno parte con uguali diritti di accesso alle risorse e dl beneficio del prodotti ottenuti, Se, dunque, Il problema dl fondo \u00e8 la mancanza dl senso della solidariet\u00e0 e dell\u2019intercultura, questo vuoi dire mancanza dl rispetto per gli altri, chiunque essi siano, e peri loro diritti. Il razzismo e la xenofobia sono forti cause di conflitto e nel passato anche recente sono stati all\u2019origine dl scontri violenti tra gruppi noi tutti possiamo e dobbiamo fare qualcosa perch\u00e9 i tragici eventi dei passato e i recenti fenomeni di razzismo siano combattuti pi\u00f9 efficacemente con nuove e concrete strategie.<\/div>\n<div style=\"text-align: left\">Per questo \u00e8 utile:<\/div>\n<div style=\"text-align: left; margin-left: 36pt\">\u2022 <b>informare<\/b>, sensibilizzare, educare l\u2019opinione pubblica, a partire dalle giovani generazioni affinch\u00e9 siano strumento dl promozione di una nuova era, di una nuova societ\u00e0 globale in cui siano rispettati i diritti umani di tutti, senza distinzioni di razza, sesso o religione;<\/div>\n<div style=\"text-align: left; margin-left: 36pt\">\u2022 <b>educare<\/b> significa conoscere le diverse realt\u00e0 che ci circondano, scoprirle ed apprezzarle proprio In virt\u00f9 della loro diversit\u00e0 e della possibilit\u00e0 dl un reciproco arricchimento;<\/div>\n<div style=\"text-align: left; margin-left: 36pt\">\u2022 <b>dare prova di umanit\u00e0 e solidariet\u00e0<\/b> nei confronti di coloro che, in fuga da un pericolo o da gravi situazioni di povert\u00e0, necessitano di accoglienza e sostegno;<\/div>\n<div style=\"text-align: left; margin-left: 36pt\">\u2022 <b>sensibilizzare<\/b> contro l\u2019uso di una terminologia offensiva e fuorviante, che descriva le diversit\u00e0 culturali In maniera denigrante;<\/div>\n<div style=\"text-align: left\">\u00a0<\/div>\n<div style=\"text-align: left\">\u00a0<\/div>\n<div style=\"text-align: left; text-indent: -72pt; margin-left: 72pt\">\u00a0<\/div>\n<div style=\"text-align: left\">\u00a0<\/div>\n<\/div>\n<hr class=\"wpba_attachment_hr\">","protected":false},"excerpt":{"rendered":"<p>Non aver paura, apriti agli altri, apri ai diritti Manifesto per una campagna nazionale contro il razzismo, l\u2019indifferenza e la paura dell\u2019altro Pi\u00f9 di quattro milioni di persone di origine straniera vivono oggi in Italia. Si tratta in gran parte di lavoratrici e lavoratori che contribuiscono al benessere di questo Paese e che lentamente e faticosamente, sono entrati a far parte della nostra comunit\u00e0. Persone &hellip; <a href=\"https:\/\/diocesi.concordia-pordenone.it\/caritas\/non-aver-paura\/\" class=\"more-link\">Continue reading <span class=\"screen-reader-text\"><\/span> <span class=\"meta-nav\">&raquo;<\/span><\/a><\/p>\n","protected":false},"author":0,"featured_media":1250,"comment_status":"closed","ping_status":"closed","sticky":false,"template":"","format":"standard","meta":{"_acf_changed":false,"footnotes":""},"categories":[14],"tags":[],"class_list":["post-1249","post","type-post","status-publish","format-standard","has-post-thumbnail","hentry","category-campagne"],"acf":{"seed-localization-paese-cod":"","seed-localization-address":"","seed-localization-citta":"","seed-localization-regione-cod-istat":"","seed-localization-citta-cod-istat":"","seed-localization-localita":"","seed-localization-cap":"","seed-localization-geo":{"lat":41.90552298770031,"lng":12.509441971778871,"zoom":10,"markers":[],"address":"","layers":["OpenStreetMap.Mapnik"]},"seed-localization-marker-visibility":false,"seed-localization-children-visibility":false,"seed-localization-kml":null,"seed-localization-custom-marker":null},"_links":{"self":[{"href":"https:\/\/diocesi.concordia-pordenone.it\/caritas\/wp-json\/wp\/v2\/posts\/1249","targetHints":{"allow":["GET"]}}],"collection":[{"href":"https:\/\/diocesi.concordia-pordenone.it\/caritas\/wp-json\/wp\/v2\/posts"}],"about":[{"href":"https:\/\/diocesi.concordia-pordenone.it\/caritas\/wp-json\/wp\/v2\/types\/post"}],"author":[{"embeddable":true,"href":"https:\/\/diocesi.concordia-pordenone.it\/caritas\/wp-json\/wp\/v2\/users\/1"}],"replies":[{"embeddable":true,"href":"https:\/\/diocesi.concordia-pordenone.it\/caritas\/wp-json\/wp\/v2\/comments?post=1249"}],"version-history":[{"count":0,"href":"https:\/\/diocesi.concordia-pordenone.it\/caritas\/wp-json\/wp\/v2\/posts\/1249\/revisions"}],"wp:featuredmedia":[{"embeddable":true,"href":"https:\/\/diocesi.concordia-pordenone.it\/caritas\/wp-json\/wp\/v2\/media\/1250"}],"wp:attachment":[{"href":"https:\/\/diocesi.concordia-pordenone.it\/caritas\/wp-json\/wp\/v2\/media?parent=1249"}],"wp:term":[{"taxonomy":"category","embeddable":true,"href":"https:\/\/diocesi.concordia-pordenone.it\/caritas\/wp-json\/wp\/v2\/categories?post=1249"},{"taxonomy":"post_tag","embeddable":true,"href":"https:\/\/diocesi.concordia-pordenone.it\/caritas\/wp-json\/wp\/v2\/tags?post=1249"}],"curies":[{"name":"wp","href":"https:\/\/api.w.org\/{rel}","templated":true}]}}