{"id":136,"date":"2013-10-24T16:44:00","date_gmt":"2013-10-24T14:44:00","guid":{"rendered":"https:\/\/diocesi.concordia-pordenone.it\/caritas\/le-famiglie-del-mondo-per-le-famiglie-della-siria\/"},"modified":"2013-10-24T16:44:00","modified_gmt":"2013-10-24T14:44:00","slug":"le-famiglie-del-mondo-per-le-famiglie-della-siria","status":"publish","type":"post","link":"https:\/\/diocesi.concordia-pordenone.it\/caritas\/le-famiglie-del-mondo-per-le-famiglie-della-siria\/","title":{"rendered":"Le famiglie del mondo per le famiglie della Siria"},"content":{"rendered":"<div><strong>Progetto di raccolta fondi<\/strong><\/div>\n<div><strong>promosso dal Pontificio Consiglio per la Famiglia con Caritas Italiana<\/strong><\/div>\n<div><strong>a sostegno degli interventi di Caritas Siria<\/strong><\/div>\n<div>\u00a0<\/div>\n<div><strong>Da venerd\u00ec 25 a luned\u00ec 28 ottobre <\/strong>sar\u00e0 possibile contribuire &#8211; con <strong>SMS solidali da cellulare e chiamate da telefono fisso al n.45594 <\/strong>&#8211; al progetto del Pontificio Consiglio per la Famiglia e di Caritas Italiana &#8220;Le famiglie del mondo per le famiglie della Siria&#8221;.<\/div>\n<div>\u00a0<\/div>\n<div>Il progetto durer\u00e0 comunque un anno e, finita la campagna con sms solidali, il <strong>contributo <\/strong>potr\u00e0 sempre essere donato, tramite la Caritas Diocesana di Concordia-Pordenone, specificando la <strong>causale \u201cFamiglie per la Siria\u201d<\/strong>, con le seguenti modalit\u00e0:<\/div>\n<div>\u00a0<\/div>\n<div><strong>Consegna dell\u2019offerta presso gli uffici:<\/strong><\/div>\n<div>da luned\u00ec a venerd\u00ec 9.00-12.30 \/ 14.30-17.00<\/div>\n<div>\u00a0<\/div>\n<div><strong>Versamento sul c\/c postale<\/strong> n. 000011507597 intestato a Caritas Diocesana di Concordia-Pordenone<\/div>\n<div>\u00a0<\/div>\n<div><strong>Bonifico bancario <\/strong>a Caritas Diocesana di Concordia-Pordenone presso:<\/div>\n<div><strong>Banca FriulAdria &#8211; Cr\u00e9dit Agricole<\/strong><\/div>\n<div>C\/C 00004031561<\/div>\n<div>ABI 05336 &#8211; CAB 12500<\/div>\n<div>IBAN IT 09 E 05336 12500 000040301561<\/div>\n<div>\u00a0<\/div>\n<div><strong>Banca Popolare Etica<\/strong><\/div>\n<div>C\/C 000000105618<\/div>\n<div>ABI 05018 &#8211; CAB 12000<\/div>\n<div>IBAN IT 22 M 05018 12000 000000105618<\/div>\n<div>\u00a0<\/div>\n<div><strong>Poste Italiane<\/strong><\/div>\n<div>C\/C 000011507597<\/div>\n<div>ABI 07601 &#8211; CAB 12500<\/div>\n<div>IBAN IT 94 X 07601 12500 000011507597<\/div>\n<div>\u00a0<\/div>\n<div>\u00a0<\/div>\n<div>\u00a0<\/div>\n<div>Il progetto consiste in una raccolta fondi per:<\/div>\n<p>la fornitura di aiuti umanitari alle famiglie siriane in difficolt\u00e0, e prioritariamente con bambini;il sostegno di alloggi temporanei alle famiglie sfollate (almeno 300);l\u2019assistenza medico-sanitaria a malati, bambini e anziani.<\/p>\n<div>I beneficiari del progetto\u00a0saranno circa 5.400 famiglie siriane (oltre 20.000 persone). Oltre 300 famiglie sfollate potranno avere un alloggio.<\/div>\n<div>\u00a0<\/div>\n<div>\u00a0<\/div>\n<div>L&#8217;iniziativa di solidariet\u00e0 \u00e8 stata promossa dal Pontificio Consiglio per la Famiglia, in collaborazione con Caritas Italiana, in occasione del Pellegrinaggio mondiale delle Famiglie alla Tomba di San Pietro (26 e 27 ottobre 2013).<\/div>\n<div>\u00abDalla stessa Piazza San Pietro, nella quale il mondo si \u00e8 riunito in una Veglia di preghiera con il Santo Padre per la Pace in Siria, nel Medio Oriente e nel mondo, lo scorso 7 settembre, parte il grande abbraccio delle famiglie del mondo per sostenere le famiglie siriane in difficolt\u00e0 con un aiuto concreto, di un grande Amore che si esprime attraverso gesti autentici\u00bb, ha detto il Presidente del Pontificio Consiglio per la Famiglia, mons. Vincenzo Paglia.<\/div>\n<div>\u00a0<\/div>\n<div>Il commento di Don Francesco Soddu, Direttore di Caritas Italiana: \u00ab\u00c8 un&#8217;iniziativa che allarga gli orizzonti, ci spinge ad intensificare l&#8217;impegno concreto accanto a Caritas Siria e d\u00e0 sempre pi\u00f9 corpo alle azioni di vicinanza e sostegno alla popolazione e alle famiglie locali intraprese da Caritas Italiana sin dall&#8217;inizio di questa emergenza, fedeli al mandato ricevuto dalla nostra Conferenza episcopale\u00bb.<\/div>\n<div>\u00a0<\/div>\n<hr class=\"wpba_attachment_hr\">","protected":false},"excerpt":{"rendered":"<p>Da venerd\u00ec 25 a luned\u00ec 28 ottobre sar\u00e0 possibile contribuire &#8211; con SMS solidali da cellulare e chiamate da telefono fisso al n.45594 &#8211; al progetto del Pontificio Consiglio per la Famiglia e di Caritas Italiana &#8220;Le famiglie del mondo per le famiglie della Siria&#8221;, a sostegno degli interventi di Caritas Siria. Entra per saperne di pi\u00f9<\/p>\n","protected":false},"author":0,"featured_media":137,"comment_status":"closed","ping_status":"closed","sticky":false,"template":"","format":"standard","meta":{"_acf_changed":false,"footnotes":""},"categories":[4],"tags":[],"class_list":["post-136","post","type-post","status-publish","format-standard","has-post-thumbnail","hentry","category-news-in-primo-piano"],"acf":{"seed-localization-paese-cod":"","seed-localization-address":"","seed-localization-citta":"","seed-localization-regione-cod-istat":"","seed-localization-citta-cod-istat":"","seed-localization-localita":"","seed-localization-cap":"","seed-localization-geo":{"lat":41.90552298770031,"lng":12.509441971778871,"zoom":10,"markers":[],"address":"","layers":["OpenStreetMap.Mapnik"]},"seed-localization-marker-visibility":false,"seed-localization-children-visibility":false,"seed-localization-kml":null,"seed-localization-custom-marker":null},"_links":{"self":[{"href":"https:\/\/diocesi.concordia-pordenone.it\/caritas\/wp-json\/wp\/v2\/posts\/136","targetHints":{"allow":["GET"]}}],"collection":[{"href":"https:\/\/diocesi.concordia-pordenone.it\/caritas\/wp-json\/wp\/v2\/posts"}],"about":[{"href":"https:\/\/diocesi.concordia-pordenone.it\/caritas\/wp-json\/wp\/v2\/types\/post"}],"author":[{"embeddable":true,"href":"https:\/\/diocesi.concordia-pordenone.it\/caritas\/wp-json\/wp\/v2\/users\/1"}],"replies":[{"embeddable":true,"href":"https:\/\/diocesi.concordia-pordenone.it\/caritas\/wp-json\/wp\/v2\/comments?post=136"}],"version-history":[{"count":0,"href":"https:\/\/diocesi.concordia-pordenone.it\/caritas\/wp-json\/wp\/v2\/posts\/136\/revisions"}],"wp:featuredmedia":[{"embeddable":true,"href":"https:\/\/diocesi.concordia-pordenone.it\/caritas\/wp-json\/wp\/v2\/media\/137"}],"wp:attachment":[{"href":"https:\/\/diocesi.concordia-pordenone.it\/caritas\/wp-json\/wp\/v2\/media?parent=136"}],"wp:term":[{"taxonomy":"category","embeddable":true,"href":"https:\/\/diocesi.concordia-pordenone.it\/caritas\/wp-json\/wp\/v2\/categories?post=136"},{"taxonomy":"post_tag","embeddable":true,"href":"https:\/\/diocesi.concordia-pordenone.it\/caritas\/wp-json\/wp\/v2\/tags?post=136"}],"curies":[{"name":"wp","href":"https:\/\/api.w.org\/{rel}","templated":true}]}}