{"id":1401,"date":"2021-06-17T18:12:10","date_gmt":"2021-06-17T16:12:10","guid":{"rendered":"https:\/\/diocesi.concordia-pordenone.it\/caritas\/?p=1401"},"modified":"2023-03-31T13:13:55","modified_gmt":"2023-03-31T11:13:55","slug":"la-concordia","status":"publish","type":"post","link":"https:\/\/diocesi.concordia-pordenone.it\/caritas\/la-concordia\/","title":{"rendered":"La Concordia"},"content":{"rendered":"<div>La Concordia \u00e8 il giornale quadrimestrale che la Caritas diocesana cura per diffondere sul territorio le informazioni che riguardano le diverse attivit\u00e0 che coinvolgono tutte le aree di intervento. Di volta in volta si cerca di dare un\u2019informazione varia, ma coerente con ci\u00f2 che si fa in ogni periodo dell\u2019anno e con il tema proprio di ciascuna stagione liturgica: per questo c\u2019\u00e8 un numero che esce in concomitanza con la Pasqua e un altro con il Natale, introdotti dai messaggi augurali del vescovo.<\/div>\n<div>Ci sono anche delle rubriche fisse, come \u201cSenza frontiere\u201d, che \u00e8 una piccola vetrina delle attivit\u00e0\u00a0della cooperativa Abitamondo e\u00a0della Casa del lavoratore \u201cSan Giuseppe\u201d. Un&#8217;altra rubrica \u00e8 &#8220;Raccontamondo&#8221;: si danno informazioni sulle emergenze in corso e gli esiti degli aiuti, a distanza di tempo, sui progetti che coinvolgono l&#8217;Area Mondialit\u00e0, sulle esperienze dei missionari o dei volontari che raggiungono le missioni seguite dalle parrocchie o da altre relat\u00e0 diocesane.<\/div>\n<div>C\u2019\u00e8 sempre a disposizione uno spazio dedicato alle Caritas parrocchiali che, anzi, si invitano a farlo sempre pi\u00f9 proprio, in modo che le loro molteplici attivit\u00e0 vengano pi\u00f9 conosciute, per essere condivise in altre parti del territorio diocesano.<\/div>\n<div>Cos\u2019altro si pu\u00f2 trovare in questo giornale? Ogni iniziativa di formazione per i volontari e operatori Caritas \u00e8 pubblicizzata, come si portano alla conoscenza di tutti gli esiti di convegni locali o nazionali che riguardano la Caritas, come le campagne che vengono lanciate ogni anno,\u00a0in sede nazionale. Un\u2019altra rubrica \u00e8 dedicata ai libri e alle riviste che aumentano la dotazione della biblioteca tematica, in modo da stimolare tutti ad aggiornarsi e a leggere libri e notizie che approfondiscono i temi della pace, povert\u00e0, immigrazione e della conoscenza dell\u2019altro.<\/div>\n","protected":false},"excerpt":{"rendered":"<p>La Concordia \u00e8 il giornale quadrimestrale che la Caritas diocesana cura per diffondere sul territorio le informazioni che riguardano le diverse attivit\u00e0 che coinvolgono tutte le aree di intervento. Di volta in volta si cerca di dare un\u2019informazione varia, ma coerente con ci\u00f2 che si fa in ogni periodo dell\u2019anno e con il tema proprio di ciascuna stagione liturgica: per questo c\u2019\u00e8 un numero che &hellip; <a href=\"https:\/\/diocesi.concordia-pordenone.it\/caritas\/la-concordia\/\" class=\"more-link\">Continue reading <span class=\"screen-reader-text\"><\/span> <span class=\"meta-nav\">&raquo;<\/span><\/a><\/p>\n","protected":false},"author":0,"featured_media":0,"comment_status":"closed","ping_status":"closed","sticky":false,"template":"","format":"standard","meta":{"_acf_changed":false,"footnotes":""},"categories":[16],"tags":[],"class_list":["post-1401","post","type-post","status-publish","format-standard","hentry","category-la-concordia"],"acf":{"seed-localization-paese-cod":"","seed-localization-address":"","seed-localization-citta":"","seed-localization-regione-cod-istat":"","seed-localization-citta-cod-istat":"","seed-localization-localita":"","seed-localization-cap":"","seed-localization-geo":{"lat":41.9053433,"lng":12.5099945,"zoom":10,"markers":[],"address":"","layers":["OpenStreetMap.Mapnik"],"version":"1.3.2"},"seed-localization-marker-visibility":false,"seed-localization-children-visibility":false,"seed-localization-kml":"","seed-localization-custom-marker":""},"_links":{"self":[{"href":"https:\/\/diocesi.concordia-pordenone.it\/caritas\/wp-json\/wp\/v2\/posts\/1401","targetHints":{"allow":["GET"]}}],"collection":[{"href":"https:\/\/diocesi.concordia-pordenone.it\/caritas\/wp-json\/wp\/v2\/posts"}],"about":[{"href":"https:\/\/diocesi.concordia-pordenone.it\/caritas\/wp-json\/wp\/v2\/types\/post"}],"author":[{"embeddable":true,"href":"https:\/\/diocesi.concordia-pordenone.it\/caritas\/wp-json\/wp\/v2\/users\/1"}],"replies":[{"embeddable":true,"href":"https:\/\/diocesi.concordia-pordenone.it\/caritas\/wp-json\/wp\/v2\/comments?post=1401"}],"version-history":[{"count":2,"href":"https:\/\/diocesi.concordia-pordenone.it\/caritas\/wp-json\/wp\/v2\/posts\/1401\/revisions"}],"predecessor-version":[{"id":2381,"href":"https:\/\/diocesi.concordia-pordenone.it\/caritas\/wp-json\/wp\/v2\/posts\/1401\/revisions\/2381"}],"wp:attachment":[{"href":"https:\/\/diocesi.concordia-pordenone.it\/caritas\/wp-json\/wp\/v2\/media?parent=1401"}],"wp:term":[{"taxonomy":"category","embeddable":true,"href":"https:\/\/diocesi.concordia-pordenone.it\/caritas\/wp-json\/wp\/v2\/categories?post=1401"},{"taxonomy":"post_tag","embeddable":true,"href":"https:\/\/diocesi.concordia-pordenone.it\/caritas\/wp-json\/wp\/v2\/tags?post=1401"}],"curies":[{"name":"wp","href":"https:\/\/api.w.org\/{rel}","templated":true}]}}