{"id":147,"date":"2012-11-27T17:25:00","date_gmt":"2012-11-27T16:25:00","guid":{"rendered":"https:\/\/diocesi.concordia-pordenone.it\/caritas\/raccolta-straordinaria-indumenti-usati-2\/"},"modified":"2012-11-27T17:25:00","modified_gmt":"2012-11-27T16:25:00","slug":"raccolta-straordinaria-indumenti-usati-2","status":"publish","type":"post","link":"https:\/\/diocesi.concordia-pordenone.it\/caritas\/raccolta-straordinaria-indumenti-usati-2\/","title":{"rendered":"Raccolta straordinaria indumenti usati"},"content":{"rendered":"<div>\n<div><strong>SABATO\u00a017 MAGGIO 2014<\/strong><\/div>\n<div><strong>RACCOLTA ADESIONI PARROCCHIE<\/strong><\/div>\n<div>\u00a0<\/div>\n<div>La Caritas Diocesana, in collaborazione\u00a0con le parrocchie, effettua in tutta la diocesi una raccolta straordinaria di indumenti usati, che avr\u00e0 luogo <strong>sabato\u00a017 maggio 2014<\/strong>.<\/div>\n<div>\u00a0<\/div>\n<div>\n<div>La collaborazione delle parrocchie \u00e8 fondamentale per la buona riuscita dell\u2019iniziativa. Chiediamo, perci\u00f2, alle parrocchie\u00a0di farci sapere <b><i>entro il 26 febbraio<\/i><\/b> se \u00e8 vostra intenzione aderire, compilando la scheda di adesione (<strong>scaricabile a fondo pagina<\/strong>).<\/div>\n<div>\u00a0<\/div>\n<div>Le parrocchie che aderiscono, si impegnano a:<\/div>\n<div>&#8211; <b>informare<\/b> i cittadini dell\u2019iniziativa almeno 15 giorni prima (ci saranno locandine e volantini a disposizione);<\/div>\n<div>&#8211;\u00a0<b>distribuire<\/b> entro il sabato precedente un sacchetto per ogni famiglia;<\/div>\n<div>&#8211;\u00a0<b>raccogliere <\/b>nella giornata di sabato i sacchetti pieni e trasportarli nel pi\u00f9 vicino centro di raccolta (container).<\/div>\n<\/div>\n<div>\u00a0<\/div>\n<div>\u00a0<\/div>\n<div>\n<div>Per informazioni: 0434 221222 &#8211; caritas(@)diocesiconcordiapordenone.it (referente: Lisa Cinto)<\/div>\n<\/div>\n<div>\u00a0<\/div>\n<div>\u00a0<\/div>\n<div>\n<div><strong>Perch\u00e9 una raccolta di indumenti usati?<\/strong><\/div>\n<div>&#8211; per evitare sprechi: viene sottratta alla discarica una grande quantit\u00e0 di rifiuti, trasformandoli in risorse; inoltre si contribuisce alla riduzione dei costi della raccolta dei rifiuti urbani<\/div>\n<div>&#8211; per praticare la solidariet\u00e0: il ricavato della raccolta permetter\u00e0 di sostenere le attivit\u00e0 della Caritas a favore di chi \u00e8 nel bisogno<\/div>\n<div>&#8211; per favorire il coinvolgimento: con la raccolta si possono coinvolgere giovani e meno giovani nel dedicare del tempo agli altri<\/div>\n<div>\u00a0<\/div>\n<div>\u00a0<\/div>\n<\/div>\n<\/div>\n<hr class=\"wpba_attachment_hr\">","protected":false},"excerpt":{"rendered":"<p>Stiamo raccogliendo le adesioni delle parrocchie all&#8217;annuale raccolta straordinaria di indumenti usati, che si terr\u00e0 il prossimo sabato 17 maggio. Entra per scaricare la scheda di adesione, da inviare alla Caritas diocesana entro il 26 febbraio<\/p>\n","protected":false},"author":0,"featured_media":148,"comment_status":"closed","ping_status":"closed","sticky":false,"template":"","format":"standard","meta":{"_acf_changed":false,"footnotes":""},"categories":[4],"tags":[],"class_list":["post-147","post","type-post","status-publish","format-standard","has-post-thumbnail","hentry","category-news-in-primo-piano"],"acf":{"seed-localization-paese-cod":"","seed-localization-address":"","seed-localization-citta":"","seed-localization-regione-cod-istat":"","seed-localization-citta-cod-istat":"","seed-localization-localita":"","seed-localization-cap":"","seed-localization-geo":{"lat":41.90552298770031,"lng":12.509441971778871,"zoom":10,"markers":[],"address":"","layers":["OpenStreetMap.Mapnik"]},"seed-localization-marker-visibility":false,"seed-localization-children-visibility":false,"seed-localization-kml":null,"seed-localization-custom-marker":null},"_links":{"self":[{"href":"https:\/\/diocesi.concordia-pordenone.it\/caritas\/wp-json\/wp\/v2\/posts\/147","targetHints":{"allow":["GET"]}}],"collection":[{"href":"https:\/\/diocesi.concordia-pordenone.it\/caritas\/wp-json\/wp\/v2\/posts"}],"about":[{"href":"https:\/\/diocesi.concordia-pordenone.it\/caritas\/wp-json\/wp\/v2\/types\/post"}],"author":[{"embeddable":true,"href":"https:\/\/diocesi.concordia-pordenone.it\/caritas\/wp-json\/wp\/v2\/users\/1"}],"replies":[{"embeddable":true,"href":"https:\/\/diocesi.concordia-pordenone.it\/caritas\/wp-json\/wp\/v2\/comments?post=147"}],"version-history":[{"count":0,"href":"https:\/\/diocesi.concordia-pordenone.it\/caritas\/wp-json\/wp\/v2\/posts\/147\/revisions"}],"wp:featuredmedia":[{"embeddable":true,"href":"https:\/\/diocesi.concordia-pordenone.it\/caritas\/wp-json\/wp\/v2\/media\/148"}],"wp:attachment":[{"href":"https:\/\/diocesi.concordia-pordenone.it\/caritas\/wp-json\/wp\/v2\/media?parent=147"}],"wp:term":[{"taxonomy":"category","embeddable":true,"href":"https:\/\/diocesi.concordia-pordenone.it\/caritas\/wp-json\/wp\/v2\/categories?post=147"},{"taxonomy":"post_tag","embeddable":true,"href":"https:\/\/diocesi.concordia-pordenone.it\/caritas\/wp-json\/wp\/v2\/tags?post=147"}],"curies":[{"name":"wp","href":"https:\/\/api.w.org\/{rel}","templated":true}]}}