{"id":149,"date":"2012-02-14T11:35:00","date_gmt":"2012-02-14T10:35:00","guid":{"rendered":"https:\/\/diocesi.concordia-pordenone.it\/caritas\/relazione-del-centro-di-ascolto-anno-2013\/"},"modified":"2012-02-14T11:35:00","modified_gmt":"2012-02-14T10:35:00","slug":"relazione-del-centro-di-ascolto-anno-2013","status":"publish","type":"post","link":"https:\/\/diocesi.concordia-pordenone.it\/caritas\/relazione-del-centro-di-ascolto-anno-2013\/","title":{"rendered":"Relazione del Centro di Ascolto &#8211; anno 2013"},"content":{"rendered":"<div><strong>Venerd\u00ec 14 marzo 2014<\/strong>, presso l&#8217;Auditorium del Centro Pastorale Diocesano a Pordenone,\u00a0\u00e8 stata presentata la <strong>relazione del Centro di Ascolto<\/strong>, sull&#8217;attivit\u00e0 dell&#8217;<strong>anno 2013<\/strong>.<\/div>\n<div>\u00a0<\/div>\n<div>\n<div>Il Centro di Ascolto \u00e8 lo strumento con cui la Caritas si propone di ascoltare e dare voce alle persone che si trovano in situazione di disagio e lo fa attraverso l\u2019accoglienza e l\u2019ascolto di ogni persona, ponendosi a fianco di ognuno con azioni di orientamento e accompagnamento.\u00a0Nell\u2019individuare le possibili azioni di aiuto \u00e8 consolidato il metodo del coinvolgimento del territorio, a partire dalle parrocchie e dai servizi sociali di base, nell\u2019ottica della promozione di azioni condivise, nel rispetto e nella valorizzazione di ruoli e competenze.<\/div>\n<\/div>\n<hr class=\"wpba_attachment_hr\"><div id='wpba_attachment_list' class='wpba wpba-wrap'>\n<ul class='wpba-attachment-list unstyled'><li id='wpba_attachment_list_151' class='wpba-list-item pull-left'><img src='https:\/\/diocesi.concordia-pordenone.it\/caritas\/wp-content\/themes\/wp-starter-so\/icons\/document.png' width='16' height='20' class='wpba-icon pull-left'><a href='https:\/\/diocesi.concordia-pordenone.it\/caritas\/wp-content\/uploads\/sites\/3\/2021\/06\/relazione-centro-di-ascolto-anno-2013.pdf' title='relazione-centro-di-ascolto-anno-2013' class='wpba-link pull-left' target=\"_blank\">relazione-centro-di-ascolto-anno-2013<\/a><\/li>\n<\/ul><\/div>\n","protected":false},"excerpt":{"rendered":"<p>Venerd\u00ec 14 marzo, presso l&#8217;Auditorium del Centro Pastorale Diocesano a Pordenone, \u00e8 stata presentata la relazione del Centro di Ascolto, sull&#8217;attivit\u00e0 dell&#8217;anno 2013. Entra per scaricare il pdf della relazione<\/p>\n","protected":false},"author":0,"featured_media":150,"comment_status":"closed","ping_status":"closed","sticky":false,"template":"","format":"standard","meta":{"_acf_changed":false,"footnotes":""},"categories":[4],"tags":[],"class_list":["post-149","post","type-post","status-publish","format-standard","has-post-thumbnail","hentry","category-news-in-primo-piano"],"acf":{"seed-localization-paese-cod":"","seed-localization-address":"","seed-localization-citta":"","seed-localization-regione-cod-istat":"","seed-localization-citta-cod-istat":"","seed-localization-localita":"","seed-localization-cap":"","seed-localization-geo":{"lat":41.90552298770031,"lng":12.509441971778871,"zoom":10,"markers":[],"address":"","layers":["OpenStreetMap.Mapnik"]},"seed-localization-marker-visibility":false,"seed-localization-children-visibility":false,"seed-localization-kml":null,"seed-localization-custom-marker":null},"_links":{"self":[{"href":"https:\/\/diocesi.concordia-pordenone.it\/caritas\/wp-json\/wp\/v2\/posts\/149","targetHints":{"allow":["GET"]}}],"collection":[{"href":"https:\/\/diocesi.concordia-pordenone.it\/caritas\/wp-json\/wp\/v2\/posts"}],"about":[{"href":"https:\/\/diocesi.concordia-pordenone.it\/caritas\/wp-json\/wp\/v2\/types\/post"}],"author":[{"embeddable":true,"href":"https:\/\/diocesi.concordia-pordenone.it\/caritas\/wp-json\/wp\/v2\/users\/1"}],"replies":[{"embeddable":true,"href":"https:\/\/diocesi.concordia-pordenone.it\/caritas\/wp-json\/wp\/v2\/comments?post=149"}],"version-history":[{"count":0,"href":"https:\/\/diocesi.concordia-pordenone.it\/caritas\/wp-json\/wp\/v2\/posts\/149\/revisions"}],"wp:featuredmedia":[{"embeddable":true,"href":"https:\/\/diocesi.concordia-pordenone.it\/caritas\/wp-json\/wp\/v2\/media\/150"}],"wp:attachment":[{"href":"https:\/\/diocesi.concordia-pordenone.it\/caritas\/wp-json\/wp\/v2\/media?parent=149"}],"wp:term":[{"taxonomy":"category","embeddable":true,"href":"https:\/\/diocesi.concordia-pordenone.it\/caritas\/wp-json\/wp\/v2\/categories?post=149"},{"taxonomy":"post_tag","embeddable":true,"href":"https:\/\/diocesi.concordia-pordenone.it\/caritas\/wp-json\/wp\/v2\/tags?post=149"}],"curies":[{"name":"wp","href":"https:\/\/api.w.org\/{rel}","templated":true}]}}