{"id":1553,"date":"2021-10-22T12:42:32","date_gmt":"2021-10-22T10:42:32","guid":{"rendered":"https:\/\/diocesi.concordia-pordenone.it\/caritas\/?p=1553"},"modified":"2021-10-22T12:53:03","modified_gmt":"2021-10-22T10:53:03","slug":"ne-vale-la-pena","status":"publish","type":"post","link":"https:\/\/diocesi.concordia-pordenone.it\/caritas\/ne-vale-la-pena\/","title":{"rendered":"NE VALE LA PENA"},"content":{"rendered":"<h2>Rassegna teatrale e tavola rotonda sul mondo penitenziario<\/h2>\n<div class=\"testo\">\n<div class=\"fotoprinc\"><\/div>\n<div><strong>12-19 ottobre 2021<\/strong><\/div>\n<div><\/div>\n<div><\/div>\n<div><strong>Due spettacoli teatrali e una tavola rotonda<\/strong><\/div>\n<div><strong>per parlare di carcere in maniera diversa<\/strong><\/div>\n<div>Un progetto nato dalla collaborazione tra Caritas diocesana di Concordia-Pordenone, Associazione Carcere e Comunit\u00e0 e I Teatri dell\u2019Anima, con l\u2019organizzazione di EtaBetaTeatro<\/div>\n<div><em>Dal 12 al 19 ottobre a Cordenons, San Vito al Tagliamento e Pordenone<\/em><\/div>\n<div><\/div>\n<div><strong>marted\u00ec 12 ottobre 2021 ore 20.45<\/strong><\/div>\n<div><strong>Centro Culturale Aldo Moro &#8211; via Traversagna 4 &#8211; Cordenons<\/strong><\/div>\n<div><strong>Lotus Associazione Culturale &#8211; Piombino<\/strong><\/div>\n<div><strong>I MOSTRI CI SOMIGLIANO<\/strong><\/div>\n<div><em>Uno degli aspetti pi\u00f9 oscuri della societ\u00e0 contemporanea: l\u2019abuso di potere. Uno dei contesti pi\u00f9 scomodi: il carcere. Partendo da una riflessione sul ruolo dell\u2019informazione mediatica sul tema, lo spettacolo \u00e8 un susseguirsi di quadri che indagano il rapporto tra vittima e carnefice, tra oppresso ed oppressore all\u2019interno del carcere, per affrontare una riflessione pi\u00f9 ampia sul sistema sociale in cui viviamo.<\/em><\/div>\n<div><\/div>\n<div><a href=\"https:\/\/www.iteatridellanima.it\/2021\/10\/01\/martedi-12-ottobre-i-mostri-ci-somigliano\/\" target=\"_blank\" rel=\"noopener\">Info sullo spettacolo<\/a><\/div>\n<div><\/div>\n<div>Organizzazione: EtaBetaTeatro<\/div>\n<div><strong>Info\u00a0<\/strong>tel. 333.6785485<\/div>\n<div>e-mail: info@etabetateatro.org &#8211; www.iteatridellanima.it<\/div>\n<div><\/div>\n<div>Ingresso gratuito fino ad esaurimento dei posti<\/div>\n<div>Nel rispetto delle normative anti-covid19 \u00e8 richiesto il Green Pass<\/div>\n<div>Gradita un\u2019offerta libera e responsabile<\/div>\n<div><strong>Prenotazione suggerita<\/strong><\/div>\n<div><\/div>\n<div>______________________________________________________________<\/div>\n<div><\/div>\n<div><\/div>\n<div><strong>mercoled\u00ec 13 ottobre 2021 ore 20.45<\/strong><\/div>\n<div><strong>Centro Culturale Aldo Moro &#8211; via Traversagna 4 &#8211; Cordenons<\/strong><\/div>\n<div><\/div>\n<div>e<\/div>\n<div><\/div>\n<div><strong>gioved\u00ec 14 ottobre 2021 ore 20.45<\/strong><\/div>\n<div><strong>Auditorium Parrocchiale Concordia &#8211; via Pantaleoni 21 &#8211; San Vito al Tagliamento<\/strong><\/div>\n<div><strong>Controcanto Collettivo &#8211; Roma<\/strong><\/div>\n<div><strong>SETTANTA VOLTE SETTE<\/strong><\/div>\n<div><em>&#8220;Settanta volte sette&#8221; racconta la vita di due famiglie i cui destini s\u2019incrociano in una sera. Racconta del rimorso che consuma, della rabbia che divora, del dolore che lascia fermi, del tempo che sembra scorrere invano. Eppure racconta anche la possibilit\u00e0 che il dolore inflitto e il dolore subito parlino una lingua comune, che l\u2019empatia non sia solo un\u2019iperbole astratta e che l\u2019essere umano, che conosce il contagio del riso e del pianto, dietro la colpa possa ancora riconoscere l\u2019uomo.<\/em><\/div>\n<div><em>Spettacolo vincitore de I Teatri del Sacro 2019.<\/em><\/div>\n<div><\/div>\n<div><a href=\"https:\/\/www.iteatridellanima.it\/2021\/10\/01\/mercoledi-13-ottobre-settanta-volte-sette\/\" target=\"_blank\" rel=\"noopener\">Info sullo spettacolo<\/a><\/div>\n<div><\/div>\n<div>\n<div>Organizzazione: EtaBetaTeatro<\/div>\n<div><strong>Info\u00a0<\/strong>tel. 333.6785485<\/div>\n<div>e-mail: info@etabetateatro.org &#8211; www.iteatridellanima.it<\/div>\n<div><\/div>\n<div>Ingresso gratuito fino ad esaurimento dei posti<\/div>\n<div>Nel rispetto delle normative anti-covid19 \u00e8 richiesto il Green Pass<\/div>\n<div>Gradita un\u2019offerta libera e responsabile<\/div>\n<div><strong>Prenotazione suggerita<\/strong><\/div>\n<\/div>\n<div><\/div>\n<div><\/div>\n<div>______________________________________________________________<\/div>\n<div><\/div>\n<div><\/div>\n<div><strong>marted\u00ec 19 ottobre 2021 ore 17.30<\/strong><\/div>\n<div><strong>Casa Madonna Pellegrina &#8211; via Madonna Pellegrina 11 &#8211; Pordenone<\/strong><\/div>\n<div><strong>NE VALE LA PENA<\/strong><\/div>\n<div>Lavoro e perdono, una via d\u2019uscita dal cortile della detenzione<\/div>\n<div><strong>Tavola Rotonda sul mondo penitenziario<\/strong><\/div>\n<div><em>Incontro in presenza e online<\/em><\/div>\n<div><\/div>\n<div><em>Parteciperanno<\/em><\/div>\n<div><strong>Andrea Barachino<\/strong>\u00a0&#8211; direttore Caritas diocesana Concordia-Pordenone<\/div>\n<div><strong>D.ssa Maria Rita Bonura<\/strong>\u00a0&#8211; direttrice Ufficio Locale Esecuzione Penale Esterna di Udine Pordenone<\/div>\n<div><strong>D.ssa Lucilla Moro<\/strong>\u00a0&#8211; P.O. unit\u00e0 operativa complessa dei servizi sociali dei comuni dell\u2019Ambito Territoriale del Noncello<\/div>\n<div><strong>Don Piergiorgio Rigolo<\/strong>\u00a0&#8211; cappellano casa circondariale di Pordenone e Presidente Associazione Carcere e Comunit\u00e0<\/div>\n<div><strong>Fulvio Fabris<\/strong>\u00a0&#8211; direttore cooperativa sociale oasi<\/div>\n<div><strong>Chiara Migliorini<\/strong>\u00a0&#8211; Lotus Associazione Culturale &#8211; Piombino<\/div>\n<div><strong>Collettivo Controcanto<\/strong><\/div>\n<div><\/div>\n<div><\/div>\n<div>\n<div>Organizzazione: EtaBetaTeatro<\/div>\n<div><strong>Info<\/strong>\u00a0tel. 333.6785485<\/div>\n<div>e-mail: info@etabetateatro.org &#8211; www.iteatridellanima.it<\/div>\n<div><\/div>\n<div>Ingresso gratuito fino ad esaurimento dei posti<\/div>\n<div>Nel rispetto delle normative anti-covid19 \u00e8 richiesto il Green Pass<\/div>\n<div>Gradita un\u2019offerta libera e responsabile<\/div>\n<div><strong>Prenotazione suggerita<\/strong><\/div>\n<\/div>\n<div><\/div>\n<div><\/div>\n<div><\/div>\n<div><em>NE VALE LA PENA \u00e8 un progetto speciale nato da una collaborazione tra Caritas, Associazione Carcere e Comunit\u00e0 ed I Teatri dell\u2019Anima, dedicato ad un territorio che sta parlando di carcere, tema complesso e delicato che talvolta la comunit\u00e0 percepisce in modo ancora marginale, lasciando spazio ai pregiudizi. La riabilitazione sociale \u00e8 un percorso umano molto complesso che richiede consapevolezza e forza. La riflessione parte da due spettacoli forti, toccanti, che cambiano in pi\u00f9 momenti la prospettiva dello spettatore, perch\u00e9 nessuno pu\u00f2 comprendere senza conoscere.<\/em><\/div>\n<div><em>\u00a0<\/em><\/div>\n<div><em>Con il sostegno di CEI 8&#215;1000, Caritas Diocesana di Concordia-Pordenone, Fondazione Buon Samaritano Casa Madonna Pellegrina, Regione Friuli Venezia Giulia, EtaBetaTeatro<\/em><\/div>\n<div><em>Con la collaborazione di Ortoteatro, Comune di Cordenons e Teatri del Sacro<\/em><\/div>\n<div><em>\u00a0<\/em><\/div>\n<\/div>\n<div class=\"fotobott\"><\/div>\n<div class=\"allegati\">\n<div class=\"testatina_allegati\"><\/div>\n<p><a href=\"https:\/\/diocesi.concordia-pordenone.it\/caritas\/wp-content\/uploads\/sites\/3\/2021\/10\/locandina-progetto-teatro-carcere-2021.pdf\" target=\"_blank\" rel=\"noopener\"><span class=\"allegati\">\u00a0\u00a0\u00a0la locandina dell&#8217;iniziativa<\/span><\/a><br \/>\n<a href=\"https:\/\/diocesi.concordia-pordenone.it\/caritas\/wp-content\/uploads\/sites\/3\/2021\/10\/pieghevole-progetto-teatro-carcere-2021.pdf\" target=\"_blank\" rel=\"noopener\"><span class=\"allegati\">\u00a0\u00a0\u00a0il pieghevole dell&#8217;iniziativa<\/span><\/a><\/p>\n<\/div>\n<hr class=\"wpba_attachment_hr\">","protected":false},"excerpt":{"rendered":"<p>Rassegna teatrale e tavola rotonda sul mondo penitenziario 12-19 ottobre 2021 Due spettacoli teatrali e una tavola rotonda per parlare di carcere in maniera diversa Un progetto nato dalla collaborazione tra Caritas diocesana di Concordia-Pordenone, Associazione Carcere e Comunit\u00e0 e I Teatri dell\u2019Anima, con l\u2019organizzazione di EtaBetaTeatro Dal 12 al 19 ottobre a Cordenons, San Vito al Tagliamento e Pordenone marted\u00ec 12 ottobre 2021 ore &hellip; <a href=\"https:\/\/diocesi.concordia-pordenone.it\/caritas\/ne-vale-la-pena\/\" class=\"more-link\">Continue reading <span class=\"screen-reader-text\"><\/span> <span class=\"meta-nav\">&raquo;<\/span><\/a><\/p>\n","protected":false},"author":0,"featured_media":1556,"comment_status":"closed","ping_status":"closed","sticky":false,"template":"","format":"standard","meta":{"_acf_changed":false,"footnotes":""},"categories":[4],"tags":[],"class_list":["post-1553","post","type-post","status-publish","format-standard","has-post-thumbnail","hentry","category-news-in-primo-piano"],"acf":{"seed-localization-paese-cod":"","seed-localization-address":"","seed-localization-citta":"","seed-localization-regione-cod-istat":"","seed-localization-citta-cod-istat":"","seed-localization-localita":"","seed-localization-cap":"","seed-localization-geo":{"lat":41.9053433,"lng":12.5099945,"zoom":10,"markers":[],"address":"","layers":["OpenStreetMap.Mapnik"],"version":"1.3.2"},"seed-localization-marker-visibility":false,"seed-localization-children-visibility":false,"seed-localization-kml":"","seed-localization-custom-marker":""},"_links":{"self":[{"href":"https:\/\/diocesi.concordia-pordenone.it\/caritas\/wp-json\/wp\/v2\/posts\/1553","targetHints":{"allow":["GET"]}}],"collection":[{"href":"https:\/\/diocesi.concordia-pordenone.it\/caritas\/wp-json\/wp\/v2\/posts"}],"about":[{"href":"https:\/\/diocesi.concordia-pordenone.it\/caritas\/wp-json\/wp\/v2\/types\/post"}],"author":[{"embeddable":true,"href":"https:\/\/diocesi.concordia-pordenone.it\/caritas\/wp-json\/wp\/v2\/users\/5"}],"replies":[{"embeddable":true,"href":"https:\/\/diocesi.concordia-pordenone.it\/caritas\/wp-json\/wp\/v2\/comments?post=1553"}],"version-history":[{"count":2,"href":"https:\/\/diocesi.concordia-pordenone.it\/caritas\/wp-json\/wp\/v2\/posts\/1553\/revisions"}],"predecessor-version":[{"id":1567,"href":"https:\/\/diocesi.concordia-pordenone.it\/caritas\/wp-json\/wp\/v2\/posts\/1553\/revisions\/1567"}],"wp:featuredmedia":[{"embeddable":true,"href":"https:\/\/diocesi.concordia-pordenone.it\/caritas\/wp-json\/wp\/v2\/media\/1556"}],"wp:attachment":[{"href":"https:\/\/diocesi.concordia-pordenone.it\/caritas\/wp-json\/wp\/v2\/media?parent=1553"}],"wp:term":[{"taxonomy":"category","embeddable":true,"href":"https:\/\/diocesi.concordia-pordenone.it\/caritas\/wp-json\/wp\/v2\/categories?post=1553"},{"taxonomy":"post_tag","embeddable":true,"href":"https:\/\/diocesi.concordia-pordenone.it\/caritas\/wp-json\/wp\/v2\/tags?post=1553"}],"curies":[{"name":"wp","href":"https:\/\/api.w.org\/{rel}","templated":true}]}}