{"id":1582,"date":"2019-05-02T10:00:37","date_gmt":"2019-05-02T08:00:37","guid":{"rendered":"https:\/\/diocesi.concordia-pordenone.it\/caritas\/?p=1582"},"modified":"2021-12-16T17:39:45","modified_gmt":"2021-12-16T16:39:45","slug":"nuovi-orari-emporio-solidale-di-pordenone-3","status":"publish","type":"post","link":"https:\/\/diocesi.concordia-pordenone.it\/caritas\/nuovi-orari-emporio-solidale-di-pordenone-3\/","title":{"rendered":"NUOVI ORARI EMPORIO SOLIDALE DI PORDENONE"},"content":{"rendered":"<div>A partire dal 2 maggio 2019, l&#8217;Emporio Solidale di Pordenone cambia orario.<\/div>\n<div><\/div>\n<div><strong>Questo l&#8217;orario di apertura aggiornato<\/strong>:<\/div>\n<div>marted\u00ec, mercoled\u00ec e gioved\u00ec 15.45-18.15<\/div>\n<div>sabato 10.00-12.00<\/div>\n<div><\/div>\n<div><\/div>\n<div>L&#8217;Emporio si trova a Pordenone, in Via Montereale 1.<\/div>\n<div><\/div>\n<div>\u00c8 un piccolo supermercato di quartiere, in cui le persone e i nuclei famigliari in difficolt\u00e0 di Pordenone e Cordenons possono scegliere i prodotti dagli scaffali in modo autonomo e secondo le proprie esigenze.<\/div>\n<div><\/div>\n<div><\/div>\n<div>Info: 327 427 3654 &#8211;\u00a0<a href=\"mailto:emporiocaritas@diocesiconcordiapordenone.it\">emporiocaritas@diocesiconcordiapordenone.it<\/a><\/div>\n<div><\/div>\n<div>Seguici su Facebook:\u00a0<a href=\"https:\/\/www.facebook.com\/emporiosolidarietapordenone\/\" target=\"_blank\" rel=\"noopener\">@emporiosolidarietapordenone<\/a><\/div>\n","protected":false},"excerpt":{"rendered":"<p>A partire dal 2 maggio 2019, l&#8217;Emporio Solidale di Pordenone cambia orario. Questo l&#8217;orario di apertura aggiornato: marted\u00ec, mercoled\u00ec e gioved\u00ec 15.45-18.15 sabato 10.00-12.00 L&#8217;Emporio si trova a Pordenone, in Via Montereale 1. \u00c8 un piccolo supermercato di quartiere, in cui le persone e i nuclei famigliari in difficolt\u00e0 di Pordenone e Cordenons possono scegliere i prodotti dagli scaffali in modo autonomo e secondo le &hellip; <a href=\"https:\/\/diocesi.concordia-pordenone.it\/caritas\/nuovi-orari-emporio-solidale-di-pordenone-3\/\" class=\"more-link\">Continue reading <span class=\"screen-reader-text\"><\/span> <span class=\"meta-nav\">&raquo;<\/span><\/a><\/p>\n","protected":false},"author":0,"featured_media":910,"comment_status":"closed","ping_status":"closed","sticky":false,"template":"","format":"standard","meta":{"_acf_changed":false,"footnotes":""},"categories":[5],"tags":[],"class_list":["post-1582","post","type-post","status-publish","format-standard","has-post-thumbnail","hentry","category-altre-news"],"acf":{"seed-localization-paese-cod":"","seed-localization-address":"","seed-localization-citta":"","seed-localization-regione-cod-istat":"","seed-localization-citta-cod-istat":"","seed-localization-localita":"","seed-localization-cap":"","seed-localization-geo":{"lat":41.9053433,"lng":12.5099945,"zoom":10,"markers":[],"address":"","layers":["OpenStreetMap.Mapnik"],"version":"1.3.2"},"seed-localization-marker-visibility":false,"seed-localization-children-visibility":false,"seed-localization-kml":"","seed-localization-custom-marker":""},"_links":{"self":[{"href":"https:\/\/diocesi.concordia-pordenone.it\/caritas\/wp-json\/wp\/v2\/posts\/1582","targetHints":{"allow":["GET"]}}],"collection":[{"href":"https:\/\/diocesi.concordia-pordenone.it\/caritas\/wp-json\/wp\/v2\/posts"}],"about":[{"href":"https:\/\/diocesi.concordia-pordenone.it\/caritas\/wp-json\/wp\/v2\/types\/post"}],"author":[{"embeddable":true,"href":"https:\/\/diocesi.concordia-pordenone.it\/caritas\/wp-json\/wp\/v2\/users\/5"}],"replies":[{"embeddable":true,"href":"https:\/\/diocesi.concordia-pordenone.it\/caritas\/wp-json\/wp\/v2\/comments?post=1582"}],"version-history":[{"count":1,"href":"https:\/\/diocesi.concordia-pordenone.it\/caritas\/wp-json\/wp\/v2\/posts\/1582\/revisions"}],"predecessor-version":[{"id":1583,"href":"https:\/\/diocesi.concordia-pordenone.it\/caritas\/wp-json\/wp\/v2\/posts\/1582\/revisions\/1583"}],"wp:featuredmedia":[{"embeddable":true,"href":"https:\/\/diocesi.concordia-pordenone.it\/caritas\/wp-json\/wp\/v2\/media\/910"}],"wp:attachment":[{"href":"https:\/\/diocesi.concordia-pordenone.it\/caritas\/wp-json\/wp\/v2\/media?parent=1582"}],"wp:term":[{"taxonomy":"category","embeddable":true,"href":"https:\/\/diocesi.concordia-pordenone.it\/caritas\/wp-json\/wp\/v2\/categories?post=1582"},{"taxonomy":"post_tag","embeddable":true,"href":"https:\/\/diocesi.concordia-pordenone.it\/caritas\/wp-json\/wp\/v2\/tags?post=1582"}],"curies":[{"name":"wp","href":"https:\/\/api.w.org\/{rel}","templated":true}]}}