{"id":1649,"date":"2021-12-16T15:01:43","date_gmt":"2021-12-16T14:01:43","guid":{"rendered":"https:\/\/diocesi.concordia-pordenone.it\/caritas\/?p=1649"},"modified":"2022-04-07T16:28:49","modified_gmt":"2022-04-07T14:28:49","slug":"la-concordia-settembre-dicembre-2021","status":"publish","type":"post","link":"https:\/\/diocesi.concordia-pordenone.it\/caritas\/la-concordia-settembre-dicembre-2021\/","title":{"rendered":"La Concordia settembre\/dicembre 2021"},"content":{"rendered":"<p><a href=\"https:\/\/diocesi.concordia-pordenone.it\/caritas\/wp-content\/uploads\/sites\/3\/2021\/12\/concordia-3_2021.jpg\" data-rel=\"lightbox-image-0\" data-rl_title=\"\" data-rl_caption=\"\" title=\"\"><img loading=\"lazy\" decoding=\"async\" class=\"wp-image-1652 size-medium alignright\" src=\"https:\/\/diocesi.concordia-pordenone.it\/caritas\/wp-content\/uploads\/sites\/3\/2021\/12\/concordia-3_2021-212x300.jpg\" alt=\"\" width=\"212\" height=\"300\" \/><\/a>\u00c8 online il numero natalizio de <em>La Concordia<\/em>.<br \/>\nIn questo numero: gli auguri del vescovo, i progetti per l\u2019Avvento\/Natale, il 21\u00b0 Convegno delle Caritas parrocchiali, il Dossier Povert\u00e0, la Settimana Sociale nazionale e la rassegna Gli occhi dell\u2019Africa.<\/p>\n<p><em>&#8220;La Concordia&#8221; \u00e8 una rivista quadrimestrale che fa conoscere il mondo della Caritas diocesana, i progetti e le azioni intraprese, i corsi di formazione, e d\u00e0 un&#8217;informazione sulle attivit\u00e0 delle Caritas parrocchiali e delle realt\u00e0 che collaborano con la Caritas diocesana. \u00c8 uno strumento per far circolare le notizie in modo capillare, nelle famiglie come nelle comunit\u00e0 parrocchiali.<\/em><\/p>\n<hr class=\"wpba_attachment_hr\">","protected":false},"excerpt":{"rendered":"<p>\u00c8 online il numero natalizio de La Concordia. In questo numero: gli auguri del vescovo, i progetti per l\u2019Avvento\/Natale, il 21\u00b0 Convegno delle Caritas parrocchiali, il Dossier Povert\u00e0, la Settimana Sociale nazionale e la rassegna Gli occhi dell\u2019Africa. &#8220;La Concordia&#8221; \u00e8 una rivista quadrimestrale che fa conoscere il mondo della Caritas diocesana, i progetti e le azioni intraprese, i corsi di formazione, e d\u00e0 un&#8217;informazione &hellip; <a href=\"https:\/\/diocesi.concordia-pordenone.it\/caritas\/la-concordia-settembre-dicembre-2021\/\" class=\"more-link\">Continue reading <span class=\"screen-reader-text\"><\/span> <span class=\"meta-nav\">&raquo;<\/span><\/a><\/p>\n","protected":false},"author":0,"featured_media":1837,"comment_status":"closed","ping_status":"closed","sticky":false,"template":"","format":"standard","meta":{"_acf_changed":false,"footnotes":""},"categories":[5],"tags":[],"class_list":["post-1649","post","type-post","status-publish","format-standard","has-post-thumbnail","hentry","category-altre-news"],"acf":{"seed-localization-paese-cod":"","seed-localization-address":"","seed-localization-citta":"","seed-localization-regione-cod-istat":"","seed-localization-citta-cod-istat":"","seed-localization-localita":"","seed-localization-cap":"","seed-localization-geo":{"lat":41.9053433,"lng":12.5099945,"zoom":10,"markers":[],"address":"","layers":["OpenStreetMap.Mapnik"],"version":"1.3.2"},"seed-localization-marker-visibility":false,"seed-localization-children-visibility":false,"seed-localization-kml":"","seed-localization-custom-marker":""},"_links":{"self":[{"href":"https:\/\/diocesi.concordia-pordenone.it\/caritas\/wp-json\/wp\/v2\/posts\/1649","targetHints":{"allow":["GET"]}}],"collection":[{"href":"https:\/\/diocesi.concordia-pordenone.it\/caritas\/wp-json\/wp\/v2\/posts"}],"about":[{"href":"https:\/\/diocesi.concordia-pordenone.it\/caritas\/wp-json\/wp\/v2\/types\/post"}],"author":[{"embeddable":true,"href":"https:\/\/diocesi.concordia-pordenone.it\/caritas\/wp-json\/wp\/v2\/users\/3"}],"replies":[{"embeddable":true,"href":"https:\/\/diocesi.concordia-pordenone.it\/caritas\/wp-json\/wp\/v2\/comments?post=1649"}],"version-history":[{"count":4,"href":"https:\/\/diocesi.concordia-pordenone.it\/caritas\/wp-json\/wp\/v2\/posts\/1649\/revisions"}],"predecessor-version":[{"id":1838,"href":"https:\/\/diocesi.concordia-pordenone.it\/caritas\/wp-json\/wp\/v2\/posts\/1649\/revisions\/1838"}],"wp:featuredmedia":[{"embeddable":true,"href":"https:\/\/diocesi.concordia-pordenone.it\/caritas\/wp-json\/wp\/v2\/media\/1837"}],"wp:attachment":[{"href":"https:\/\/diocesi.concordia-pordenone.it\/caritas\/wp-json\/wp\/v2\/media?parent=1649"}],"wp:term":[{"taxonomy":"category","embeddable":true,"href":"https:\/\/diocesi.concordia-pordenone.it\/caritas\/wp-json\/wp\/v2\/categories?post=1649"},{"taxonomy":"post_tag","embeddable":true,"href":"https:\/\/diocesi.concordia-pordenone.it\/caritas\/wp-json\/wp\/v2\/tags?post=1649"}],"curies":[{"name":"wp","href":"https:\/\/api.w.org\/{rel}","templated":true}]}}