{"id":1657,"date":"2021-12-16T15:26:46","date_gmt":"2021-12-16T14:26:46","guid":{"rendered":"https:\/\/diocesi.concordia-pordenone.it\/caritas\/?p=1657"},"modified":"2021-12-16T15:26:46","modified_gmt":"2021-12-16T14:26:46","slug":"emergenza-rotta-balcanica-2","status":"publish","type":"post","link":"https:\/\/diocesi.concordia-pordenone.it\/caritas\/emergenza-rotta-balcanica-2\/","title":{"rendered":"Emergenza Rotta Balcanica"},"content":{"rendered":"<p><strong>21 dicembre 2021 &#8211; ore 20.30<\/strong><br \/>\n<em><strong>evento online<\/strong><\/em><br \/>\n<strong>L\u2019INVERNO DELL\u2019UMANIT\u00c0<\/strong><\/p>\n<p><strong>Le Caritas del Nord-Est unite per raccontare il dramma dei migranti lungo la Rotta Balcanica<\/strong><\/p>\n<p>Marted\u00ec 21 dicembre 2021, alle ore 20.30, le Caritas della Delegazione Nord-Est, ovvero del Friuli Venezia Giulia, del Trentino Alto Adige e del Veneto, organizzano l\u2019incontro online <strong>L\u2019INVERNO DELL\u2019UMANIT\u00c0<\/strong>, un momento di <strong>riflessione e testimonianza sulla situazione drammatica dei migranti lungo la Rotta Balcanica<\/strong>. Interverranno <strong>Daniele Bombardi<\/strong>, coordinatore di Caritas Italiana per l\u2019area balcanica, che opera direttamente sul campo, e <strong>Laura Stopponi<\/strong>, responsabile dell&#8217;Ufficio Europa di Caritas Italiana.<\/p>\n<p>Sar\u00e0 possibile seguire l\u2019incontro in <strong>diretta streaming<\/strong>, dal sito <a href=\"http:\/\/www.caritastarvisina.it\/\" target=\"_blank\" rel=\"noopener\">www.caritastarvisina.it<\/a> oppure dal <a href=\"https:\/\/www.youtube.com\/watch?v=bXHy99yNUEY\" target=\"_blank\" rel=\"noopener\">canale YouTube della Caritas Tarvisina<\/a>.<\/p>\n<p>Dalla Bosnia, alla Serbia, alla Polonia, alla Bielorussia, passando per la Grecia, tutti siamo testimoni di una <strong>disumanit\u00e0 che stride con i valori su cui \u00e8 fondata l\u2019Unione Europea<\/strong>. Il dialogo fra stati membri \u00e8 necessario, ma \u00e8 altrettanto necessario ribadire che <strong>alcuni valori non sono negoziabili<\/strong>, a partire dall\u2019accoglienza e dalla protezione di chi, per una ragione od un\u2019altra, \u00e8 costretto a lasciare la propria casa. La crisi dei migranti in questi giorni ha posto nuovamente l\u2019attenzione sulla cosiddetta Rotta Balcanica, il percorso spesso utilizzato da chi, proveniente principalmente da Afghanistan, Pakistan e Siria, cerca di raggiungere l\u2019Unione Europea alla ricerca di un futuro migliore. Una meta che diventa sempre pi\u00f9 difficile e molti sono costretti a dormire all&#8217;aperto, in condizioni di estrema precariet\u00e0, fino a volte a morire di freddo. Quello che sta succedendo <strong>a pochi chilometri da casa nostra<\/strong> \u00e8 una questione drammatica e dolorosa che si trascina da molti anni: migranti che restano intrappolati dalla neve, dal gelo, dalle frontiere chiuse, dalle violenze delle diverse polizie di frontiera, dai respingimenti, dal silenzio e dall\u2019ambiguit\u00e0 politica dell\u2019Unione Europea. Non si pu\u00f2 pi\u00f9 temporeggiare, bisogna agire con decisione e rapidit\u00e0 per trovare soluzioni, almeno temporanee, e salvare vite umane.<\/p>\n<p>Le Caritas diocesane del Nord-Est propongono questo incontro per <strong>far conoscere la situazione<\/strong> in atto e le <strong>iniziative programmate per affrontare l\u2019emergenza<\/strong>, quali sono le reali necessit\u00e0 e come sostenere le attivit\u00e0 in corso.<\/p>\n<p>____________________________________________________________________________________<\/p>\n<p><strong>Raccolta fondi<\/strong><br \/>\nSi possono sostenere gli interventi di Caritas Italiana attraverso la Caritas Diocesana di Concordia-Pordenone.<br \/>\n\u00c8 possibile fare una <strong>donazione<\/strong>, specificando nella causale \u201c<strong>Emergenza Rotta Balcanica<\/strong>\u201d, ai seguenti conti intestati a Fondazione Buon Samaritano Casa Madonna Pellegrina (braccio operativo della Caritas Diocesana di Concordia-Pordenone):<\/p>\n<p>BANCA CREDITO COOPERATIVO PORDENONESE<br \/>\nAG0, Via Beato Odorico, 27 &#8211; 33170 Pordenone<br \/>\nIban: IT 79 F 08356 12500 000000047207<\/p>\n<p>POSTE ITALIANE SPA<br \/>\nSede Centrale di Pordenone, Via Santa Caterina 10 &#8211; 33170 PORDENONE<br \/>\nIban: IT 78 L 07601 12500 001031934605<\/p>\n<p>BOLLETTINO POSTALE sul c\/c n. 001031934605<\/p>\n<p>&nbsp;<\/p>\n<hr class=\"wpba_attachment_hr\"><div id='wpba_attachment_list' class='wpba wpba-wrap'>\n<ul class='wpba-attachment-list unstyled'><li id='wpba_attachment_list_1655' class='wpba-list-item pull-left'><img src='https:\/\/diocesi.concordia-pordenone.it\/caritas\/wp-content\/themes\/wp-starter-so\/icons\/document.png' width='16' height='20' class='wpba-icon pull-left'><a href='https:\/\/diocesi.concordia-pordenone.it\/caritas\/wp-content\/uploads\/sites\/3\/2021\/12\/RottaBalcanica_locandina.pdf' title='scarica la locandina dell&#039;evento' class='wpba-link pull-left' target=\"_blank\">scarica la locandina dell&#039;evento<\/a><\/li>\n<\/ul><\/div>\n","protected":false},"excerpt":{"rendered":"<p>21 dicembre 2021 &#8211; ore 20.30 evento online L\u2019INVERNO DELL\u2019UMANIT\u00c0 Le Caritas del Nord-Est unite per raccontare il dramma dei migranti lungo la Rotta Balcanica Marted\u00ec 21 dicembre 2021, alle ore 20.30, le Caritas della Delegazione Nord-Est, ovvero del Friuli Venezia Giulia, del Trentino Alto Adige e del Veneto, organizzano l\u2019incontro online L\u2019INVERNO DELL\u2019UMANIT\u00c0, un momento di riflessione e testimonianza sulla situazione drammatica dei migranti &hellip; <a href=\"https:\/\/diocesi.concordia-pordenone.it\/caritas\/emergenza-rotta-balcanica-2\/\" class=\"more-link\">Continue reading <span class=\"screen-reader-text\"><\/span> <span class=\"meta-nav\">&raquo;<\/span><\/a><\/p>\n","protected":false},"author":0,"featured_media":1654,"comment_status":"closed","ping_status":"closed","sticky":false,"template":"","format":"standard","meta":{"_acf_changed":false,"footnotes":""},"categories":[4],"tags":[],"class_list":["post-1657","post","type-post","status-publish","format-standard","has-post-thumbnail","hentry","category-news-in-primo-piano"],"acf":{"seed-localization-paese-cod":"","seed-localization-address":"","seed-localization-citta":"","seed-localization-regione-cod-istat":"","seed-localization-citta-cod-istat":"","seed-localization-localita":"","seed-localization-cap":"","seed-localization-geo":{"lat":41.9053433,"lng":12.5099945,"zoom":10,"markers":[],"address":"","layers":["OpenStreetMap.Mapnik"],"version":"1.3.2"},"seed-localization-marker-visibility":false,"seed-localization-children-visibility":false,"seed-localization-kml":"","seed-localization-custom-marker":""},"_links":{"self":[{"href":"https:\/\/diocesi.concordia-pordenone.it\/caritas\/wp-json\/wp\/v2\/posts\/1657","targetHints":{"allow":["GET"]}}],"collection":[{"href":"https:\/\/diocesi.concordia-pordenone.it\/caritas\/wp-json\/wp\/v2\/posts"}],"about":[{"href":"https:\/\/diocesi.concordia-pordenone.it\/caritas\/wp-json\/wp\/v2\/types\/post"}],"author":[{"embeddable":true,"href":"https:\/\/diocesi.concordia-pordenone.it\/caritas\/wp-json\/wp\/v2\/users\/3"}],"replies":[{"embeddable":true,"href":"https:\/\/diocesi.concordia-pordenone.it\/caritas\/wp-json\/wp\/v2\/comments?post=1657"}],"version-history":[{"count":7,"href":"https:\/\/diocesi.concordia-pordenone.it\/caritas\/wp-json\/wp\/v2\/posts\/1657\/revisions"}],"predecessor-version":[{"id":1664,"href":"https:\/\/diocesi.concordia-pordenone.it\/caritas\/wp-json\/wp\/v2\/posts\/1657\/revisions\/1664"}],"wp:featuredmedia":[{"embeddable":true,"href":"https:\/\/diocesi.concordia-pordenone.it\/caritas\/wp-json\/wp\/v2\/media\/1654"}],"wp:attachment":[{"href":"https:\/\/diocesi.concordia-pordenone.it\/caritas\/wp-json\/wp\/v2\/media?parent=1657"}],"wp:term":[{"taxonomy":"category","embeddable":true,"href":"https:\/\/diocesi.concordia-pordenone.it\/caritas\/wp-json\/wp\/v2\/categories?post=1657"},{"taxonomy":"post_tag","embeddable":true,"href":"https:\/\/diocesi.concordia-pordenone.it\/caritas\/wp-json\/wp\/v2\/tags?post=1657"}],"curies":[{"name":"wp","href":"https:\/\/api.w.org\/{rel}","templated":true}]}}