{"id":1672,"date":"2021-08-05T17:30:28","date_gmt":"2021-08-05T15:30:28","guid":{"rendered":"https:\/\/diocesi.concordia-pordenone.it\/caritas\/?p=1672"},"modified":"2021-12-16T18:00:31","modified_gmt":"2021-12-16T17:00:31","slug":"la-concordia-maggio-agosto-2021-2","status":"publish","type":"post","link":"https:\/\/diocesi.concordia-pordenone.it\/caritas\/la-concordia-maggio-agosto-2021-2\/","title":{"rendered":"La Concordia maggio\/agosto 2021"},"content":{"rendered":"<p>\u00c8 online il numero estivo de <em>La Concordia<\/em>.<br \/>\nIn questo numero: i 50 anni di Caritas Italiana, la Giornata Internazionale del Rifugiato, il rapporto povert\u00e0 2020 delle Caritas del FVG, il Progetto &#8220;Penelope&#8221;, il laboratorio di sartoria sociale T-essere, le testimonianze delle ragazze volontarie in Servizio Civile e molto altro ancora.<\/p>\n<p><em>\u201cLa Concordia\u201d \u00e8 una rivista quadrimestrale che fa conoscere il mondo della Caritas diocesana, i progetti e le azioni intraprese, i corsi di formazione, e d\u00e0 un\u2019informazione sulle attivit\u00e0 delle Caritas parrocchiali e delle realt\u00e0 che collaborano con la Caritas diocesana. \u00c8 uno strumento per far circolare le notizie in modo capillare, nelle famiglie come nelle comunit\u00e0 parrocchiali.<\/em><\/p>\n<p>&nbsp;<\/p>\n","protected":false},"excerpt":{"rendered":"<p>\u00c8 online il numero estivo de La Concordia. In questo numero: i 50 anni di Caritas Italiana, la Giornata Internazionale del Rifugiato, il rapporto povert\u00e0 2020 delle Caritas del FVG, il Progetto &#8220;Penelope&#8221;, il laboratorio di sartoria sociale T-essere, le testimonianze delle ragazze volontarie in Servizio Civile e molto altro ancora. \u201cLa Concordia\u201d \u00e8 una rivista quadrimestrale che fa conoscere il mondo della Caritas diocesana, &hellip; <a href=\"https:\/\/diocesi.concordia-pordenone.it\/caritas\/la-concordia-maggio-agosto-2021-2\/\" class=\"more-link\">Continue reading <span class=\"screen-reader-text\"><\/span> <span class=\"meta-nav\">&raquo;<\/span><\/a><\/p>\n","protected":false},"author":0,"featured_media":0,"comment_status":"closed","ping_status":"closed","sticky":false,"template":"","format":"standard","meta":{"_acf_changed":false,"footnotes":""},"categories":[5],"tags":[],"class_list":["post-1672","post","type-post","status-publish","format-standard","hentry","category-altre-news"],"acf":{"seed-localization-paese-cod":"","seed-localization-address":"","seed-localization-citta":"","seed-localization-regione-cod-istat":"","seed-localization-citta-cod-istat":"","seed-localization-localita":"","seed-localization-cap":"","seed-localization-geo":{"lat":41.9053433,"lng":12.5099945,"zoom":10,"markers":[],"address":"","layers":["OpenStreetMap.Mapnik"],"version":"1.3.2"},"seed-localization-marker-visibility":false,"seed-localization-children-visibility":false,"seed-localization-kml":"","seed-localization-custom-marker":""},"_links":{"self":[{"href":"https:\/\/diocesi.concordia-pordenone.it\/caritas\/wp-json\/wp\/v2\/posts\/1672","targetHints":{"allow":["GET"]}}],"collection":[{"href":"https:\/\/diocesi.concordia-pordenone.it\/caritas\/wp-json\/wp\/v2\/posts"}],"about":[{"href":"https:\/\/diocesi.concordia-pordenone.it\/caritas\/wp-json\/wp\/v2\/types\/post"}],"author":[{"embeddable":true,"href":"https:\/\/diocesi.concordia-pordenone.it\/caritas\/wp-json\/wp\/v2\/users\/3"}],"replies":[{"embeddable":true,"href":"https:\/\/diocesi.concordia-pordenone.it\/caritas\/wp-json\/wp\/v2\/comments?post=1672"}],"version-history":[{"count":3,"href":"https:\/\/diocesi.concordia-pordenone.it\/caritas\/wp-json\/wp\/v2\/posts\/1672\/revisions"}],"predecessor-version":[{"id":1680,"href":"https:\/\/diocesi.concordia-pordenone.it\/caritas\/wp-json\/wp\/v2\/posts\/1672\/revisions\/1680"}],"wp:attachment":[{"href":"https:\/\/diocesi.concordia-pordenone.it\/caritas\/wp-json\/wp\/v2\/media?parent=1672"}],"wp:term":[{"taxonomy":"category","embeddable":true,"href":"https:\/\/diocesi.concordia-pordenone.it\/caritas\/wp-json\/wp\/v2\/categories?post=1672"},{"taxonomy":"post_tag","embeddable":true,"href":"https:\/\/diocesi.concordia-pordenone.it\/caritas\/wp-json\/wp\/v2\/tags?post=1672"}],"curies":[{"name":"wp","href":"https:\/\/api.w.org\/{rel}","templated":true}]}}