{"id":1718,"date":"2023-02-21T12:07:07","date_gmt":"2023-02-21T11:07:07","guid":{"rendered":"https:\/\/diocesi.concordia-pordenone.it\/caritas\/?p=1718"},"modified":"2023-02-27T16:07:42","modified_gmt":"2023-02-27T15:07:42","slug":"emergenza-ucraina","status":"publish","type":"post","link":"https:\/\/diocesi.concordia-pordenone.it\/caritas\/emergenza-ucraina\/","title":{"rendered":"Emergenza Ucraina"},"content":{"rendered":"<p><strong><span style=\"color: #993300\">Cosa fa Caritas? Per restare aggiornato, clicca <a href=\"https:\/\/www.caritas.it\/emergenza-ucraina-limpegno-della-caritas\/\" target=\"_blank\" rel=\"noopener\">qui<\/a><\/span><\/strong><\/p>\n<p>Si possono sostenere gli interventi di Caritas Italiana attraverso la Caritas Diocesana di Concordia-Pordenone.<br \/>\n\u00c8 possibile fare una <strong>donazione<\/strong>, specificando nella causale \u201c<strong>Europa\/Ucraina<\/strong>\u201d, ai seguenti conti intestati a Fondazione Buon Samaritano Casa Madonna Pellegrina (braccio operativo della Caritas Diocesana di Concordia-Pordenone):<\/p>\n<p>BANCA CREDITO COOPERATIVO PORDENONESE<br \/>\nAG0, Via Beato Odorico, 27 \u2013 33170 Pordenone<br \/>\nIban: IT 79 F 08356 12500 000000047207<\/p>\n<p>POSTE ITALIANE SPA<br \/>\nSede Centrale di Pordenone, Via Santa Caterina 10 \u2013 33170 PORDENONE<br \/>\nIban: IT 78 L 07601 12500 001031934605<\/p>\n<p>BOLLETTINO POSTALE sul c\/c n. 001031934605<\/p>\n<p>________________________________________________________________________________<\/p>\n<p><strong>UCRAINA: FERMIAMO LA GUERRA<\/strong><br \/>\n<strong>Inascoltati gli inviti alla pace. L\u2019appello Caritas per aiuti immediati<br \/>\n<\/strong><em>dal comunicato stampa di Caritas Italiana del 24 febbraio 2022<\/em><\/p>\n<p>\u201cOgni conflitto porta con s\u00e9 morte e distruzione, provoca sofferenza alle popolazioni, minaccia la convivenza tra le nazioni\u201d. Per questo <strong>i Vescovi del Mediterraneo<\/strong> &#8211; riuniti a Firenze per l\u2019incontro Mediterraneo frontiera di pace &#8211; \u201cchiedono ad una sola voce pace\u201d, esprimendo preoccupazione e dolore per lo scenario drammatico in Ucraina e fanno \u201cappello alla coscienza di quanti hanno responsabilit\u00e0 politiche perch\u00e9 tacciano le armi\u201d.<\/p>\n<p>\u201cIn questo momento difficile, c&#8217;\u00e8 un grande bisogno di unit\u00e0, sostegno, abbiamo bisogno di sentire che non siamo soli\u201d. <strong>Don Vyacheslav Grynevych, direttore della Caritas-Spes Ucraina<\/strong>, dopo il precipitare degli eventi e l\u2019attacco da parte della Russia rilancia con forza un appello alla solidariet\u00e0.<br \/>\nUna situazione drammatica che avr\u00e0 ripercussioni non solo militari. Molti civili sono e saranno infatti sempre pi\u00f9 coinvolti nei bombardamenti che stanno colpendo diverse citt\u00e0 del paese. C\u2019\u00e8 inoltre molta preoccupazione per l\u2019enorme numero di profughi che sta cercando di lasciare le proprie citt\u00e0 e le proprie case, per trovare riparo in altre zone dell\u2019Ucraina o nei Paesi confinanti. Le notizie e le immagini raccontano di enormi colonne di cittadini in fuga con le loro auto dalle principali citt\u00e0, inclusa la capitale Kiev.<br \/>\nCaritas in Ucraina &#8211; grazie anche al sostegno della rete internazionale &#8211; \u00e8 sempre rimasta accanto alla popolazione e ora sta moltiplicando gli sforzi per poter raggiungere quante pi\u00f9 persone possibili. \u201cVi chiediamo di starci vicino con la solidariet\u00e0 e la preghiera\u201d ha detto <strong>Tetiana Stawnychy, Presidente di Caritas Ucraina<\/strong>, assicurando che al momento tutti gli operatori della Caritas sono illesi e si stanno prodigando per far fronte all\u2019emergenza.<br \/>\nI <strong>19 centri presenti su tutto il territorio<\/strong> &#8211; una rete capillare che dal 2014 ha accolto migliaia di persone, assistendole nei loro bisogni primari &#8211; hanno ora pi\u00f9 che mai necessit\u00e0 di rifornimenti e attrezzature per rispondere all\u2019attuale emergenza. In particolare servono: <strong>generi alimentari, prodotti per l&#8217;igiene e medicinali<\/strong>. Resta prioritaria anche la <strong>fornitura di acqua potabile<\/strong>, cos\u00ec come la <strong>distribuzione di materiale per garantire il riparo e il riscaldamento delle famiglie<\/strong>, considerate le rigide temperature invernali.<br \/>\nAccanto a Caritas Ucraina si sta attivando tutta la <strong>rete delle Caritas europee<\/strong>, in particolare le Caritas dei paesi limitrofi &#8211; <strong>Polonia, Romania e Moldavia<\/strong> &#8211; per accogliere tutti coloro, probabilmente migliaia di persone, in fuga dalla guerra.<\/p>\n<p><strong>Caritas Italiana<\/strong> resta accanto alla Caritas in Ucraina ed alla popolazione tutta, attivandosi per fornire gli aiuti necessari per rispondere ai bisogni pi\u00f9 urgenti e <strong>ha avviato una raccolta fondi<\/strong> per sostenere gli interventi di assistenza umanitaria ed emergenziale.<br \/>\nInvita anche alla prossimit\u00e0 con le sorelle e i fratelli ucraini che sono nel nostro Paese e, <strong>accogliendo l\u2019invito del Papa<\/strong>, a rispondere \u201call\u2019insensatezza della violenza\u201d con \u201cle armi di Dio\u201d, dedicando il 2 marzo, Mercoled\u00ec delle ceneri, alla <strong>preghiera<\/strong> e al <strong>digiuno<\/strong> per la conversione dei cuori e per invocare il dono della pace.<\/p>\n<p>&nbsp;<\/p>\n<hr class=\"wpba_attachment_hr\"><div id='wpba_attachment_list' class='wpba wpba-wrap'>\n<ul class='wpba-attachment-list unstyled'><li id='wpba_attachment_list_2345' class='wpba-list-item pull-left'><img src='https:\/\/diocesi.concordia-pordenone.it\/caritas\/wp-content\/themes\/wp-starter-so\/icons\/document.png' width='16' height='20' class='wpba-icon pull-left'><a href='https:\/\/diocesi.concordia-pordenone.it\/caritas\/wp-content\/uploads\/sites\/3\/2022\/12\/Emergenza-Ucraina_progetti-internazionali_febbraio-2023.pdf' title='scheda informativa progetti internazionali, Caritas Italiana febbraio 2023' class='wpba-link pull-left' target=\"_blank\">scheda informativa progetti internazionali, Caritas Italiana febbraio 2023<\/a><\/li>\n<li id='wpba_attachment_list_2346' class='wpba-list-item pull-left'><img src='https:\/\/diocesi.concordia-pordenone.it\/caritas\/wp-content\/themes\/wp-starter-so\/icons\/document.png' width='16' height='20' class='wpba-icon pull-left'><a href='https:\/\/diocesi.concordia-pordenone.it\/caritas\/wp-content\/uploads\/sites\/3\/2022\/12\/Emergenza-Ucraina_progetti-Italia_febbraio-2023.pdf' title='scheda informativa progetti Italia, Caritas Italiana febbraio 2023' class='wpba-link pull-left' target=\"_blank\">scheda informativa progetti Italia, Caritas Italiana febbraio 2023<\/a><\/li>\n<li id='wpba_attachment_list_2254' class='wpba-list-item pull-left'><img src='https:\/\/diocesi.concordia-pordenone.it\/caritas\/wp-content\/themes\/wp-starter-so\/icons\/document.png' width='16' height='20' class='wpba-icon pull-left'><a href='https:\/\/diocesi.concordia-pordenone.it\/caritas\/wp-content\/uploads\/sites\/3\/2022\/09\/Dossier_Ucraina-13_12_2022.pdf' title='Rapporto \u201cDossier Ucraina \u2013 dicembre 2022\u201d, Caritas Italiana' class='wpba-link pull-left' target=\"_blank\">Rapporto \u201cDossier Ucraina \u2013 dicembre 2022\u201d, Caritas Italiana<\/a><\/li>\n<li id='wpba_attachment_list_2189' class='wpba-list-item pull-left'><img src='https:\/\/diocesi.concordia-pordenone.it\/caritas\/wp-content\/themes\/wp-starter-so\/icons\/document.png' width='16' height='20' class='wpba-icon pull-left'><a href='https:\/\/diocesi.concordia-pordenone.it\/caritas\/wp-content\/uploads\/sites\/3\/2022\/09\/Dossier_Ucraina-23_08_2022.pdf' title='Dossier &quot;Emergenza Ucraina - La risposta Caritas&quot;, Caritas Italiana agosto 2022' class='wpba-link pull-left' target=\"_blank\">Dossier &quot;Emergenza Ucraina - La risposta Caritas&quot;, Caritas Italiana agosto 2022<\/a><\/li>\n<li id='wpba_attachment_list_2190' class='wpba-list-item pull-left'><img src='https:\/\/diocesi.concordia-pordenone.it\/caritas\/wp-content\/themes\/wp-starter-so\/icons\/document.png' width='16' height='20' class='wpba-icon pull-left'><a href='https:\/\/diocesi.concordia-pordenone.it\/caritas\/wp-content\/uploads\/sites\/3\/2022\/09\/Dossier_Ucraina_05_07_2022.pdf' title='Dossier &quot;Emergenza Ucraina - La risposta Caritas&quot;, Caritas Italiana luglio 2022' class='wpba-link pull-left' target=\"_blank\">Dossier &quot;Emergenza Ucraina - La risposta Caritas&quot;, Caritas Italiana luglio 2022<\/a><\/li>\n<li id='wpba_attachment_list_1898' class='wpba-list-item pull-left'><img src='https:\/\/diocesi.concordia-pordenone.it\/caritas\/wp-content\/themes\/wp-starter-so\/icons\/document.png' width='16' height='20' class='wpba-icon pull-left'><a href='https:\/\/diocesi.concordia-pordenone.it\/caritas\/wp-content\/uploads\/sites\/3\/2022\/02\/Emergenza-Ucraina_report-aprile-2022.pdf' title='report Caritas Italiana aprile 2022' class='wpba-link pull-left' target=\"_blank\">report Caritas Italiana aprile 2022<\/a><\/li>\n<li id='wpba_attachment_list_1745' class='wpba-list-item pull-left'><img src='https:\/\/diocesi.concordia-pordenone.it\/caritas\/wp-content\/themes\/wp-starter-so\/icons\/document.png' width='16' height='20' class='wpba-icon pull-left'><a href='https:\/\/diocesi.concordia-pordenone.it\/caritas\/wp-content\/uploads\/sites\/3\/2022\/02\/Dossier_Ucraina-28_02_2022.pdf' title='Dossier &quot;Ucraina - La follia della guerra&quot;, Caritas Italiana 28_02_2022' class='wpba-link pull-left' target=\"_blank\">Dossier &quot;Ucraina - La follia della guerra&quot;, Caritas Italiana 28_02_2022<\/a><\/li>\n<li id='wpba_attachment_list_2188' class='wpba-list-item pull-left'><img src='https:\/\/diocesi.concordia-pordenone.it\/caritas\/wp-content\/themes\/wp-starter-so\/icons\/document.png' width='16' height='20' class='wpba-icon pull-left'><a href='https:\/\/diocesi.concordia-pordenone.it\/caritas\/wp-content\/uploads\/sites\/3\/2022\/09\/Ucraina_comunicato-Caritas-Italiana-13_08_2022.pdf' title='comunicato stampa Caritas Italiana 13_08_2022' class='wpba-link pull-left' target=\"_blank\">comunicato stampa Caritas Italiana 13_08_2022<\/a><\/li>\n<li id='wpba_attachment_list_1793' class='wpba-list-item pull-left'><img src='https:\/\/diocesi.concordia-pordenone.it\/caritas\/wp-content\/themes\/wp-starter-so\/icons\/document.png' width='16' height='20' class='wpba-icon pull-left'><a href='https:\/\/diocesi.concordia-pordenone.it\/caritas\/wp-content\/uploads\/sites\/3\/2022\/02\/Ucraina_comunicato-Caritas-Italiana-05_04_2022.pdf' title='comunicato stampa Caritas Italiana 05_04_2022' class='wpba-link pull-left' target=\"_blank\">comunicato stampa Caritas Italiana 05_04_2022<\/a><\/li>\n<li id='wpba_attachment_list_1777' class='wpba-list-item pull-left'><img src='https:\/\/diocesi.concordia-pordenone.it\/caritas\/wp-content\/themes\/wp-starter-so\/icons\/document.png' width='16' height='20' class='wpba-icon pull-left'><a href='https:\/\/diocesi.concordia-pordenone.it\/caritas\/wp-content\/uploads\/sites\/3\/2022\/02\/Ucraina_comunicato-Caritas-Italiana-29_03_2022.pdf' title='comunicato stampa Caritas Italiana 29_03_2022' class='wpba-link pull-left' target=\"_blank\">comunicato stampa Caritas Italiana 29_03_2022<\/a><\/li>\n<li id='wpba_attachment_list_1766' class='wpba-list-item pull-left'><img src='https:\/\/diocesi.concordia-pordenone.it\/caritas\/wp-content\/themes\/wp-starter-so\/icons\/document.png' width='16' height='20' class='wpba-icon pull-left'><a href='https:\/\/diocesi.concordia-pordenone.it\/caritas\/wp-content\/uploads\/sites\/3\/2022\/02\/Ucraina_comunicato-Caritas-Italiana-14_03_2022.pdf' title='comunicato stampa Caritas Italiana 14_03_2022' class='wpba-link pull-left' target=\"_blank\">comunicato stampa Caritas Italiana 14_03_2022<\/a><\/li>\n<li id='wpba_attachment_list_1767' class='wpba-list-item pull-left'><img src='https:\/\/diocesi.concordia-pordenone.it\/caritas\/wp-content\/themes\/wp-starter-so\/icons\/document.png' width='16' height='20' class='wpba-icon pull-left'><a href='https:\/\/diocesi.concordia-pordenone.it\/caritas\/wp-content\/uploads\/sites\/3\/2022\/02\/Ucraina_comunicato-Caritas-Italiana-10_03_2022.pdf' title='comunicato stampa Caritas Italiana 10_03_2022' class='wpba-link pull-left' target=\"_blank\">comunicato stampa Caritas Italiana 10_03_2022<\/a><\/li>\n<li id='wpba_attachment_list_1750' class='wpba-list-item pull-left'><img src='https:\/\/diocesi.concordia-pordenone.it\/caritas\/wp-content\/themes\/wp-starter-so\/icons\/document.png' width='16' height='20' class='wpba-icon pull-left'><a href='https:\/\/diocesi.concordia-pordenone.it\/caritas\/wp-content\/uploads\/sites\/3\/2022\/02\/Ucraina_comunicato-Caritas-Italiana-09_03_2022.pdf' title='comunicato stampa Caritas Italiana 09_03_2022' class='wpba-link pull-left' target=\"_blank\">comunicato stampa Caritas Italiana 09_03_2022<\/a><\/li>\n<li id='wpba_attachment_list_1727' class='wpba-list-item pull-left'><img src='https:\/\/diocesi.concordia-pordenone.it\/caritas\/wp-content\/themes\/wp-starter-so\/icons\/document.png' width='16' height='20' class='wpba-icon pull-left'><a href='https:\/\/diocesi.concordia-pordenone.it\/caritas\/wp-content\/uploads\/sites\/3\/2022\/02\/Ucraina_comunicato-CEI-28_02_2022.pdf' title='comunicato stampa CEI 28_02_2022' class='wpba-link pull-left' target=\"_blank\">comunicato stampa CEI 28_02_2022<\/a><\/li>\n<li id='wpba_attachment_list_1724' class='wpba-list-item pull-left'><img src='https:\/\/diocesi.concordia-pordenone.it\/caritas\/wp-content\/themes\/wp-starter-so\/icons\/document.png' width='16' height='20' class='wpba-icon pull-left'><a href='https:\/\/diocesi.concordia-pordenone.it\/caritas\/wp-content\/uploads\/sites\/3\/2022\/02\/Ucraina_comunicato-Caritas-Italiana-26_02_2022.pdf' title='comunicato stampa Caritas Italiana 26_02_2022' class='wpba-link pull-left' target=\"_blank\">comunicato stampa Caritas Italiana 26_02_2022<\/a><\/li>\n<li id='wpba_attachment_list_1723' class='wpba-list-item pull-left'><img src='https:\/\/diocesi.concordia-pordenone.it\/caritas\/wp-content\/themes\/wp-starter-so\/icons\/document.png' width='16' height='20' class='wpba-icon pull-left'><a href='https:\/\/diocesi.concordia-pordenone.it\/caritas\/wp-content\/uploads\/sites\/3\/2022\/02\/Ucraina_comunicato-Caritas-Italiana-24_02_2022.pdf' title='comunicato stampa Caritas Italiana 24_02_2022' class='wpba-link pull-left' target=\"_blank\">comunicato stampa Caritas Italiana 24_02_2022<\/a><\/li>\n<\/ul><\/div>\n","protected":false},"excerpt":{"rendered":"<p>Cosa fa Caritas? Per restare aggiornato, clicca qui Si possono sostenere gli interventi di Caritas Italiana attraverso la Caritas Diocesana di Concordia-Pordenone. \u00c8 possibile fare una donazione, specificando nella causale \u201cEuropa\/Ucraina\u201d, ai seguenti conti intestati a Fondazione Buon Samaritano Casa Madonna Pellegrina (braccio operativo della Caritas Diocesana di Concordia-Pordenone): BANCA CREDITO COOPERATIVO PORDENONESE AG0, Via Beato Odorico, 27 \u2013 33170 Pordenone Iban: IT 79 F &hellip; <a href=\"https:\/\/diocesi.concordia-pordenone.it\/caritas\/emergenza-ucraina\/\" class=\"more-link\">Continue reading <span class=\"screen-reader-text\"><\/span> <span class=\"meta-nav\">&raquo;<\/span><\/a><\/p>\n","protected":false},"author":0,"featured_media":1721,"comment_status":"closed","ping_status":"closed","sticky":false,"template":"","format":"standard","meta":{"_acf_changed":false,"footnotes":""},"categories":[5],"tags":[],"class_list":["post-1718","post","type-post","status-publish","format-standard","has-post-thumbnail","hentry","category-altre-news"],"acf":{"seed-localization-paese-cod":"","seed-localization-address":"","seed-localization-citta":"","seed-localization-regione-cod-istat":"","seed-localization-citta-cod-istat":"","seed-localization-localita":"","seed-localization-cap":"","seed-localization-geo":{"lat":41.9053433,"lng":12.5099945,"zoom":10,"markers":[],"address":"","layers":["OpenStreetMap.Mapnik"],"version":"1.3.2"},"seed-localization-marker-visibility":false,"seed-localization-children-visibility":false,"seed-localization-kml":"","seed-localization-custom-marker":""},"_links":{"self":[{"href":"https:\/\/diocesi.concordia-pordenone.it\/caritas\/wp-json\/wp\/v2\/posts\/1718","targetHints":{"allow":["GET"]}}],"collection":[{"href":"https:\/\/diocesi.concordia-pordenone.it\/caritas\/wp-json\/wp\/v2\/posts"}],"about":[{"href":"https:\/\/diocesi.concordia-pordenone.it\/caritas\/wp-json\/wp\/v2\/types\/post"}],"author":[{"embeddable":true,"href":"https:\/\/diocesi.concordia-pordenone.it\/caritas\/wp-json\/wp\/v2\/users\/3"}],"replies":[{"embeddable":true,"href":"https:\/\/diocesi.concordia-pordenone.it\/caritas\/wp-json\/wp\/v2\/comments?post=1718"}],"version-history":[{"count":10,"href":"https:\/\/diocesi.concordia-pordenone.it\/caritas\/wp-json\/wp\/v2\/posts\/1718\/revisions"}],"predecessor-version":[{"id":1897,"href":"https:\/\/diocesi.concordia-pordenone.it\/caritas\/wp-json\/wp\/v2\/posts\/1718\/revisions\/1897"}],"wp:featuredmedia":[{"embeddable":true,"href":"https:\/\/diocesi.concordia-pordenone.it\/caritas\/wp-json\/wp\/v2\/media\/1721"}],"wp:attachment":[{"href":"https:\/\/diocesi.concordia-pordenone.it\/caritas\/wp-json\/wp\/v2\/media?parent=1718"}],"wp:term":[{"taxonomy":"category","embeddable":true,"href":"https:\/\/diocesi.concordia-pordenone.it\/caritas\/wp-json\/wp\/v2\/categories?post=1718"},{"taxonomy":"post_tag","embeddable":true,"href":"https:\/\/diocesi.concordia-pordenone.it\/caritas\/wp-json\/wp\/v2\/tags?post=1718"}],"curies":[{"name":"wp","href":"https:\/\/api.w.org\/{rel}","templated":true}]}}