{"id":1782,"date":"2022-04-04T14:19:39","date_gmt":"2022-04-04T12:19:39","guid":{"rendered":"https:\/\/diocesi.concordia-pordenone.it\/caritas\/?p=1782"},"modified":"2022-04-04T14:19:39","modified_gmt":"2022-04-04T12:19:39","slug":"la-concordia-gennaio-aprile-2022","status":"publish","type":"post","link":"https:\/\/diocesi.concordia-pordenone.it\/caritas\/la-concordia-gennaio-aprile-2022\/","title":{"rendered":"La Concordia gennaio\/aprile 2022"},"content":{"rendered":"<p>&nbsp;<\/p>\n<p>\u00c8 online il numero di Pasqua de <em>La Concordia<\/em>.<br \/>\nIn questo numero, tra le varie notizie: gli auguri del vescovo, un focus sull&#8217;emergenza in Ucraina, i tre anni dell&#8217;Emporio Solidale, la testimonianza delle volontarie in Servizio Civile Universale, il cammino di formazione della Pastorale Sociale.<\/p>\n<p><em>\u201cLa Concordia\u201d \u00e8 una rivista quadrimestrale che fa conoscere il mondo della Caritas diocesana, i progetti e le azioni intraprese, i corsi di formazione, e d\u00e0 un\u2019informazione sulle attivit\u00e0 delle Caritas parrocchiali e delle realt\u00e0 che collaborano con la Caritas diocesana. \u00c8 uno strumento per far circolare le notizie in modo capillare, nelle famiglie come nelle comunit\u00e0 parrocchiali.<\/em><\/p>\n","protected":false},"excerpt":{"rendered":"<p>&nbsp; \u00c8 online il numero di Pasqua de La Concordia. In questo numero, tra le varie notizie: gli auguri del vescovo, un focus sull&#8217;emergenza in Ucraina, i tre anni dell&#8217;Emporio Solidale, la testimonianza delle volontarie in Servizio Civile Universale, il cammino di formazione della Pastorale Sociale. \u201cLa Concordia\u201d \u00e8 una rivista quadrimestrale che fa conoscere il mondo della Caritas diocesana, i progetti e le azioni &hellip; <a href=\"https:\/\/diocesi.concordia-pordenone.it\/caritas\/la-concordia-gennaio-aprile-2022\/\" class=\"more-link\">Continue reading <span class=\"screen-reader-text\"><\/span> <span class=\"meta-nav\">&raquo;<\/span><\/a><\/p>\n","protected":false},"author":0,"featured_media":0,"comment_status":"closed","ping_status":"closed","sticky":false,"template":"","format":"standard","meta":{"_acf_changed":false,"footnotes":""},"categories":[5],"tags":[],"class_list":["post-1782","post","type-post","status-publish","format-standard","hentry","category-altre-news"],"acf":{"seed-localization-paese-cod":"","seed-localization-address":"","seed-localization-citta":"","seed-localization-regione-cod-istat":"","seed-localization-citta-cod-istat":"","seed-localization-localita":"","seed-localization-cap":"","seed-localization-geo":{"lat":41.9053433,"lng":12.5099945,"zoom":10,"markers":[],"address":"","layers":["OpenStreetMap.Mapnik"],"version":"1.3.2"},"seed-localization-marker-visibility":false,"seed-localization-children-visibility":false,"seed-localization-kml":"","seed-localization-custom-marker":""},"_links":{"self":[{"href":"https:\/\/diocesi.concordia-pordenone.it\/caritas\/wp-json\/wp\/v2\/posts\/1782","targetHints":{"allow":["GET"]}}],"collection":[{"href":"https:\/\/diocesi.concordia-pordenone.it\/caritas\/wp-json\/wp\/v2\/posts"}],"about":[{"href":"https:\/\/diocesi.concordia-pordenone.it\/caritas\/wp-json\/wp\/v2\/types\/post"}],"author":[{"embeddable":true,"href":"https:\/\/diocesi.concordia-pordenone.it\/caritas\/wp-json\/wp\/v2\/users\/3"}],"replies":[{"embeddable":true,"href":"https:\/\/diocesi.concordia-pordenone.it\/caritas\/wp-json\/wp\/v2\/comments?post=1782"}],"version-history":[{"count":5,"href":"https:\/\/diocesi.concordia-pordenone.it\/caritas\/wp-json\/wp\/v2\/posts\/1782\/revisions"}],"predecessor-version":[{"id":1789,"href":"https:\/\/diocesi.concordia-pordenone.it\/caritas\/wp-json\/wp\/v2\/posts\/1782\/revisions\/1789"}],"wp:attachment":[{"href":"https:\/\/diocesi.concordia-pordenone.it\/caritas\/wp-json\/wp\/v2\/media?parent=1782"}],"wp:term":[{"taxonomy":"category","embeddable":true,"href":"https:\/\/diocesi.concordia-pordenone.it\/caritas\/wp-json\/wp\/v2\/categories?post=1782"},{"taxonomy":"post_tag","embeddable":true,"href":"https:\/\/diocesi.concordia-pordenone.it\/caritas\/wp-json\/wp\/v2\/tags?post=1782"}],"curies":[{"name":"wp","href":"https:\/\/api.w.org\/{rel}","templated":true}]}}