{"id":198,"date":"2015-04-29T16:08:00","date_gmt":"2015-04-29T14:08:00","guid":{"rendered":"https:\/\/diocesi.concordia-pordenone.it\/caritas\/marcia-silenziosa-di-solidarieta\/"},"modified":"2015-04-29T16:08:00","modified_gmt":"2015-04-29T14:08:00","slug":"marcia-silenziosa-di-solidarieta","status":"publish","type":"post","link":"https:\/\/diocesi.concordia-pordenone.it\/caritas\/marcia-silenziosa-di-solidarieta\/","title":{"rendered":"Marcia silenziosa di solidariet\u00e0"},"content":{"rendered":"<p>Gioved\u00ec 30 aprile, alle ore 17.30, partir\u00e0 una marcia silenziosa dalla Prefettura di Pordenone e si snoder\u00e0 per le vie della citt\u00e0, passando per Corso Garibaldi e Corso Vittorio Emanuele, fino ad arrivare al Ponte di Adamo ed Eva. Sono invitati a partecipare studenti, adulti, italiani, immigrati. Alla fine del percorso un gesto simbolico ricorder\u00e0 l\u2019ultima tragedia dei migranti, la strage in mare di domenica 19 aprile.<br ><br \/>\n L\u2019iniziativa \u00e8 dell\u2019associazione Hapa Tuko, in collaborazione con la Caritas diocesana e la cooperativa sociale Nuovi Vicini, per dimostrare <strong>solidariet\u00e0 alle vittime di una guerra non dichiarata<\/strong>: le persone scomparse nei <strong>naufragi nel Mar Mediterraneo<\/strong>, che hanno riempito la cronaca negli ultimi tempi.<br ><br \/>\n Si tratta di una proposta dell\u2019associazione che esprime la solidariet\u00e0 del Liceo classico, scientifico e scienze umane Leopardi-Majorana, da anni impegnata a coinvolgere alcuni studenti volontari a partecipare ad un campo estivo in una baraccopoli di Nairobi, in Kenya, nella quale sostiene anche una scuola.<\/p>\n<hr class=\"wpba_attachment_hr\"><div id='wpba_attachment_list' class='wpba wpba-wrap'>\n<ul class='wpba-attachment-list unstyled'><li id='wpba_attachment_list_200' class='wpba-list-item pull-left'><img src='https:\/\/diocesi.concordia-pordenone.it\/caritas\/wp-content\/themes\/wp-starter-so\/icons\/document.png' width='16' height='20' class='wpba-icon pull-left'><a href='https:\/\/diocesi.concordia-pordenone.it\/caritas\/wp-content\/uploads\/sites\/3\/2021\/06\/manifesto-marcia-silenziosa-30_04_2015.pdf' title='manifesto-marcia-silenziosa-30_04_2015' class='wpba-link pull-left' target=\"_blank\">manifesto-marcia-silenziosa-30_04_2015<\/a><\/li>\n<\/ul><\/div>\n","protected":false},"excerpt":{"rendered":"<p>Gioved\u00ec 30 aprile, alle ore 17.30, partir\u00e0 una marcia silenziosa dalla Prefettura di Pordenone e si snoder\u00e0 per le vie della citt\u00e0, passando per Corso Garibaldi e Corso Vittorio Emanuele, fino ad arrivare al Ponte di Adamo ed Eva. L\u2019iniziativa \u00e8 dell\u2019associazione Hapa Tuko, in collaborazione con la Caritas diocesana e la cooperativa sociale Nuovi Vicini, per dimostrare solidariet\u00e0 alle vittime di una guerra non dichiarata: le persone scomparse nei naufragi nel Mar Mediterraneo, che hanno riempito la cronaca negli ultimi tempi<\/p>\n","protected":false},"author":0,"featured_media":199,"comment_status":"closed","ping_status":"closed","sticky":false,"template":"","format":"standard","meta":{"_acf_changed":false,"footnotes":""},"categories":[4],"tags":[],"class_list":["post-198","post","type-post","status-publish","format-standard","has-post-thumbnail","hentry","category-news-in-primo-piano"],"acf":{"seed-localization-paese-cod":"","seed-localization-address":"","seed-localization-citta":"","seed-localization-regione-cod-istat":"","seed-localization-citta-cod-istat":"","seed-localization-localita":"","seed-localization-cap":"","seed-localization-geo":{"lat":41.90552298770031,"lng":12.509441971778871,"zoom":10,"markers":[],"address":"","layers":["OpenStreetMap.Mapnik"]},"seed-localization-marker-visibility":false,"seed-localization-children-visibility":false,"seed-localization-kml":null,"seed-localization-custom-marker":null},"_links":{"self":[{"href":"https:\/\/diocesi.concordia-pordenone.it\/caritas\/wp-json\/wp\/v2\/posts\/198","targetHints":{"allow":["GET"]}}],"collection":[{"href":"https:\/\/diocesi.concordia-pordenone.it\/caritas\/wp-json\/wp\/v2\/posts"}],"about":[{"href":"https:\/\/diocesi.concordia-pordenone.it\/caritas\/wp-json\/wp\/v2\/types\/post"}],"author":[{"embeddable":true,"href":"https:\/\/diocesi.concordia-pordenone.it\/caritas\/wp-json\/wp\/v2\/users\/1"}],"replies":[{"embeddable":true,"href":"https:\/\/diocesi.concordia-pordenone.it\/caritas\/wp-json\/wp\/v2\/comments?post=198"}],"version-history":[{"count":0,"href":"https:\/\/diocesi.concordia-pordenone.it\/caritas\/wp-json\/wp\/v2\/posts\/198\/revisions"}],"wp:featuredmedia":[{"embeddable":true,"href":"https:\/\/diocesi.concordia-pordenone.it\/caritas\/wp-json\/wp\/v2\/media\/199"}],"wp:attachment":[{"href":"https:\/\/diocesi.concordia-pordenone.it\/caritas\/wp-json\/wp\/v2\/media?parent=198"}],"wp:term":[{"taxonomy":"category","embeddable":true,"href":"https:\/\/diocesi.concordia-pordenone.it\/caritas\/wp-json\/wp\/v2\/categories?post=198"},{"taxonomy":"post_tag","embeddable":true,"href":"https:\/\/diocesi.concordia-pordenone.it\/caritas\/wp-json\/wp\/v2\/tags?post=198"}],"curies":[{"name":"wp","href":"https:\/\/api.w.org\/{rel}","templated":true}]}}