{"id":1990,"date":"2022-05-12T15:02:24","date_gmt":"2022-05-12T13:02:24","guid":{"rendered":"https:\/\/diocesi.concordia-pordenone.it\/caritas\/?p=1990"},"modified":"2022-07-04T16:03:14","modified_gmt":"2022-07-04T14:03:14","slug":"relazione-del-centro-di-ascolto-attivita-anno-2021","status":"publish","type":"post","link":"https:\/\/diocesi.concordia-pordenone.it\/caritas\/relazione-del-centro-di-ascolto-attivita-anno-2021\/","title":{"rendered":"Relazione del Centro di Ascolto &#8211; attivit\u00e0 anno 2021"},"content":{"rendered":"<div>\n<p>&nbsp;<\/p>\n<h5 style=\"text-align: center\"><span style=\"color: #800000\"><strong>Luned\u00ec 23 maggio 2022<\/strong><\/span>, alle <span style=\"color: #800000\"><strong>ore 11.00<br \/>\n<\/strong><\/span>presso <strong>Casa Madonna Pellegrina<\/strong>, a <strong>Pordenone<\/strong><br \/>\n\u00e8 stata presentata la<br \/>\n<span style=\"color: #800000\"><strong>Relazione del Centro di Ascolto sull&#8217;attivit\u00e0 dell&#8217;anno 2021<\/strong><\/span><\/h5>\n<p>&nbsp;<\/p>\n<p style=\"text-align: center\">Sono intervenuti il direttore della Caritas <strong>Andrea Barachino<\/strong>, il vicario generale <strong>don Orioldo Marson<\/strong><br \/>\ne gli <strong>operatori del Centro d\u2019Ascolto<\/strong> e dei servizi connessi<\/p>\n<p>&nbsp;<\/p>\n<p>Rivedi la registrazione della <strong>diretta sul canale YouTube della Diocesi di Concordia-Pordenone<\/strong>:<\/p>\n<p><iframe loading=\"lazy\" title=\"Relazione Annuale Caritas 2021\" width=\"800\" height=\"450\" src=\"https:\/\/www.youtube.com\/embed\/rid82n6G7qc?list=PL9rqak_2JsrC__kBk-q5ruLofOJEN58Jy\" frameborder=\"0\" allow=\"accelerometer; autoplay; clipboard-write; encrypted-media; gyroscope; picture-in-picture\" allowfullscreen><\/iframe><\/p>\n<p>&nbsp;<\/p>\n<p>Un appuntamento importante, per conoscere quali sono le difficolt\u00e0 che incontrano molte famiglie italiane e straniere nel territorio diocesano, e le azioni di aiuto messe in atto dalla Caritas in diocesi.<\/p>\n<\/div>\n<div><\/div>\n<div><em>Il Centro di Ascolto \u00e8 lo strumento con cui la Caritas si propone di ascoltare e dare voce alle persone che si trovano in situazione di disagio, e lo fa attraverso l\u2019accoglienza e l\u2019ascolto di ogni persona, ponendosi a fianco di ognuno con azioni di orientamento e accompagnamento. Nell\u2019individuare le possibili azioni di aiuto \u00e8 consolidato il metodo del coinvolgimento del territorio, a partire dalle parrocchie e dai servizi sociali di base, nell\u2019ottica della promozione di azioni condivise, nel rispetto e nella valorizzazione di ruoli e competenze.<\/em><\/div>\n<div>\n<div><\/div>\n<div><\/div>\n<\/div>\n<hr class=\"wpba_attachment_hr\">","protected":false},"excerpt":{"rendered":"<p>&nbsp; Luned\u00ec 23 maggio 2022, alle ore 11.00 presso Casa Madonna Pellegrina, a Pordenone \u00e8 stata presentata la Relazione del Centro di Ascolto sull&#8217;attivit\u00e0 dell&#8217;anno 2021 &nbsp; Sono intervenuti il direttore della Caritas Andrea Barachino, il vicario generale don Orioldo Marson e gli operatori del Centro d\u2019Ascolto e dei servizi connessi &nbsp; Rivedi la registrazione della diretta sul canale YouTube della Diocesi di Concordia-Pordenone: &nbsp; &hellip; <a href=\"https:\/\/diocesi.concordia-pordenone.it\/caritas\/relazione-del-centro-di-ascolto-attivita-anno-2021\/\" class=\"more-link\">Continue reading <span class=\"screen-reader-text\"><\/span> <span class=\"meta-nav\">&raquo;<\/span><\/a><\/p>\n","protected":false},"author":0,"featured_media":2013,"comment_status":"closed","ping_status":"closed","sticky":false,"template":"","format":"standard","meta":{"_acf_changed":false,"footnotes":""},"categories":[4],"tags":[],"class_list":["post-1990","post","type-post","status-publish","format-standard","has-post-thumbnail","hentry","category-news-in-primo-piano"],"acf":{"seed-localization-paese-cod":"","seed-localization-address":"","seed-localization-citta":"","seed-localization-regione-cod-istat":"","seed-localization-citta-cod-istat":"","seed-localization-localita":"","seed-localization-cap":"","seed-localization-geo":{"lat":41.9053433,"lng":12.5099945,"zoom":10,"markers":[],"address":"","layers":["OpenStreetMap.Mapnik"],"version":"1.3.2"},"seed-localization-marker-visibility":false,"seed-localization-children-visibility":false,"seed-localization-kml":"","seed-localization-custom-marker":""},"_links":{"self":[{"href":"https:\/\/diocesi.concordia-pordenone.it\/caritas\/wp-json\/wp\/v2\/posts\/1990","targetHints":{"allow":["GET"]}}],"collection":[{"href":"https:\/\/diocesi.concordia-pordenone.it\/caritas\/wp-json\/wp\/v2\/posts"}],"about":[{"href":"https:\/\/diocesi.concordia-pordenone.it\/caritas\/wp-json\/wp\/v2\/types\/post"}],"author":[{"embeddable":true,"href":"https:\/\/diocesi.concordia-pordenone.it\/caritas\/wp-json\/wp\/v2\/users\/3"}],"replies":[{"embeddable":true,"href":"https:\/\/diocesi.concordia-pordenone.it\/caritas\/wp-json\/wp\/v2\/comments?post=1990"}],"version-history":[{"count":23,"href":"https:\/\/diocesi.concordia-pordenone.it\/caritas\/wp-json\/wp\/v2\/posts\/1990\/revisions"}],"predecessor-version":[{"id":2082,"href":"https:\/\/diocesi.concordia-pordenone.it\/caritas\/wp-json\/wp\/v2\/posts\/1990\/revisions\/2082"}],"wp:featuredmedia":[{"embeddable":true,"href":"https:\/\/diocesi.concordia-pordenone.it\/caritas\/wp-json\/wp\/v2\/media\/2013"}],"wp:attachment":[{"href":"https:\/\/diocesi.concordia-pordenone.it\/caritas\/wp-json\/wp\/v2\/media?parent=1990"}],"wp:term":[{"taxonomy":"category","embeddable":true,"href":"https:\/\/diocesi.concordia-pordenone.it\/caritas\/wp-json\/wp\/v2\/categories?post=1990"},{"taxonomy":"post_tag","embeddable":true,"href":"https:\/\/diocesi.concordia-pordenone.it\/caritas\/wp-json\/wp\/v2\/tags?post=1990"}],"curies":[{"name":"wp","href":"https:\/\/api.w.org\/{rel}","templated":true}]}}