{"id":201,"date":"2015-04-30T14:57:00","date_gmt":"2015-04-30T12:57:00","guid":{"rendered":"https:\/\/diocesi.concordia-pordenone.it\/caritas\/terremoto-in-nepal\/"},"modified":"2015-04-30T14:57:00","modified_gmt":"2015-04-30T12:57:00","slug":"terremoto-in-nepal","status":"publish","type":"post","link":"https:\/\/diocesi.concordia-pordenone.it\/caritas\/terremoto-in-nepal\/","title":{"rendered":"Terremoto in Nepal"},"content":{"rendered":"<div>\n<div><strong>Caritas si attiva per la popolazione colpita<\/strong><\/div>\n<div><strong>aprile 2015<\/strong><\/div>\n<div>\u00a0<\/div>\n<div>Dopo la colletta nazionale promossa dalla CEI domenica 17 maggio, la Caritas Diocesana di Concordia-Pordenone prosegue nella raccolta fondi\u00a0in favore della popolazione del Nepal,\u00a0colpita dal disastroso terremoto di fine aprile.<\/div>\n<div>La raccolta risponde all&#8217;appello di Caritas Italiana, che fin da subito\u00a0ha stanziato un primo contributo di\u00a0100.000 euro e\u00a0sta coordinando gli aiuti sul posto.<\/div>\n<div>\u00a0<\/div>\n<div><strong>Come evidenziato da Caritas Italiana, evitiamo raccolte di beni materiali, di qualsiasi tipo, date le difficolt\u00e0 logistiche e di trasporto; evitiamo anche\u00a0l&#8217;organizzazione di missioni e visite in loco, perch\u00e9 ci\u00f2 andrebbe a complicare ulteriormente il lavoro degli operatori e volontari locali.<\/strong><\/div>\n<div>\u00a0<\/div>\n<div><strong>Per aiutare la popolazione in difficolt\u00e0 si pu\u00f2:<\/strong><\/div>\n<div>\u00a0<\/div>\n<div>consegnare un\u2019offerta <strong>presso gli uffici della Caritas Diocesana<\/strong><\/div>\n<div>in via Madonna Pellegrina 11, a Pordenone<\/div>\n<div>da luned\u00ec a venerd\u00ec 9.00-12.30 \/ 14.30-17.00<\/div>\n<div>\u00a0<\/div>\n<div>contribuire, scrivendo la <strong>causale \u201cAsia\/Terremoto Nepal\u201d<\/strong>,<\/div>\n<div>con un <strong>versamento sul NUOVO\u00a0c\/c postale <\/strong>n. 001023620154<\/div>\n<div>intestato a Caritas Diocesana di Concordia-Pordenone<\/div>\n<div>\u00a0<\/div>\n<div>oppure con <strong>bonifico bancario <\/strong>presso:<\/div>\n<div>Banca FriulAdria &#8211; Cr\u00e9dit Agricole<\/div>\n<div>C\/C 00004031561<\/div>\n<div>ABI 05336 &#8211; CAB 12500<\/div>\n<div>IBAN IT 09 E 05336 12500 000040301561<\/div>\n<div>\u00a0<\/div>\n<div>Banca Popolare Etica<\/div>\n<div>C\/C 000000105618<\/div>\n<div>ABI 05018 &#8211; CAB 02200<\/div>\n<div>IBAN IT 02\u00a0N 05018 02200 000000105618\u00a0\u00a0<\/div>\n<div>\u00a0<\/div>\n<div>\u00a0<\/div>\n<\/p><\/div>\n<hr class=\"wpba_attachment_hr\"><div id='wpba_attachment_list' class='wpba wpba-wrap'>\n<ul class='wpba-attachment-list unstyled'><li id='wpba_attachment_list_203' class='wpba-list-item pull-left'><img src='https:\/\/diocesi.concordia-pordenone.it\/caritas\/wp-content\/themes\/wp-starter-so\/icons\/document.png' width='16' height='20' class='wpba-icon pull-left'><a href='https:\/\/diocesi.concordia-pordenone.it\/caritas\/wp-content\/uploads\/sites\/3\/2021\/06\/scheda-intervento-caritas_nepal-2015.pdf' title='scheda-intervento-caritas_nepal-2015' class='wpba-link pull-left' target=\"_blank\">scheda-intervento-caritas_nepal-2015<\/a><\/li>\n<li id='wpba_attachment_list_204' class='wpba-list-item pull-left'><img src='https:\/\/diocesi.concordia-pordenone.it\/caritas\/wp-content\/themes\/wp-starter-so\/icons\/document.png' width='16' height='20' class='wpba-icon pull-left'><a href='https:\/\/diocesi.concordia-pordenone.it\/caritas\/wp-content\/uploads\/sites\/3\/2021\/06\/comunicato-caritas-italiana-26_04_2015.pdf' title='comunicato-caritas-italiana-26_04_2015' class='wpba-link pull-left' target=\"_blank\">comunicato-caritas-italiana-26_04_2015<\/a><\/li>\n<li id='wpba_attachment_list_205' class='wpba-list-item pull-left'><img src='https:\/\/diocesi.concordia-pordenone.it\/caritas\/wp-content\/themes\/wp-starter-so\/icons\/document.png' width='16' height='20' class='wpba-icon pull-left'><a href='https:\/\/diocesi.concordia-pordenone.it\/caritas\/wp-content\/uploads\/sites\/3\/2021\/06\/comunicato-caritas-italiana-30_04_2015.pdf' title='comunicato-caritas-italiana-30_04_2015' class='wpba-link pull-left' target=\"_blank\">comunicato-caritas-italiana-30_04_2015<\/a><\/li>\n<\/ul><\/div>\n","protected":false},"excerpt":{"rendered":"<p>La Caritas Diocesana di Concordia-Pordenone promuove la raccolta fondi in favore della popolazione del Nepal, colpita dal disastroso terremoto di fine aprile. Si raccolgono offerte in denaro. EVITIAMO RACCOLTE DI BENI MATERIALI, di qualsiasi tipo, date le difficolt\u00e0 logistiche e di trasporto; evitiamo anche l&#8217;organizzazione di missioni e visite in loco, perch\u00e9 ci\u00f2 andrebbe a complicare ulteriormente il lavoro degli operatori e volontari locali. Entra per sapere come contribuire e per scaricare i comunicati di Caritas Italiana<\/p>\n","protected":false},"author":0,"featured_media":202,"comment_status":"closed","ping_status":"closed","sticky":false,"template":"","format":"standard","meta":{"_acf_changed":false,"footnotes":""},"categories":[4],"tags":[],"class_list":["post-201","post","type-post","status-publish","format-standard","has-post-thumbnail","hentry","category-news-in-primo-piano"],"acf":{"seed-localization-paese-cod":"","seed-localization-address":"","seed-localization-citta":"","seed-localization-regione-cod-istat":"","seed-localization-citta-cod-istat":"","seed-localization-localita":"","seed-localization-cap":"","seed-localization-geo":{"lat":41.90552298770031,"lng":12.509441971778871,"zoom":10,"markers":[],"address":"","layers":["OpenStreetMap.Mapnik"]},"seed-localization-marker-visibility":false,"seed-localization-children-visibility":false,"seed-localization-kml":null,"seed-localization-custom-marker":null},"_links":{"self":[{"href":"https:\/\/diocesi.concordia-pordenone.it\/caritas\/wp-json\/wp\/v2\/posts\/201","targetHints":{"allow":["GET"]}}],"collection":[{"href":"https:\/\/diocesi.concordia-pordenone.it\/caritas\/wp-json\/wp\/v2\/posts"}],"about":[{"href":"https:\/\/diocesi.concordia-pordenone.it\/caritas\/wp-json\/wp\/v2\/types\/post"}],"author":[{"embeddable":true,"href":"https:\/\/diocesi.concordia-pordenone.it\/caritas\/wp-json\/wp\/v2\/users\/1"}],"replies":[{"embeddable":true,"href":"https:\/\/diocesi.concordia-pordenone.it\/caritas\/wp-json\/wp\/v2\/comments?post=201"}],"version-history":[{"count":0,"href":"https:\/\/diocesi.concordia-pordenone.it\/caritas\/wp-json\/wp\/v2\/posts\/201\/revisions"}],"wp:featuredmedia":[{"embeddable":true,"href":"https:\/\/diocesi.concordia-pordenone.it\/caritas\/wp-json\/wp\/v2\/media\/202"}],"wp:attachment":[{"href":"https:\/\/diocesi.concordia-pordenone.it\/caritas\/wp-json\/wp\/v2\/media?parent=201"}],"wp:term":[{"taxonomy":"category","embeddable":true,"href":"https:\/\/diocesi.concordia-pordenone.it\/caritas\/wp-json\/wp\/v2\/categories?post=201"},{"taxonomy":"post_tag","embeddable":true,"href":"https:\/\/diocesi.concordia-pordenone.it\/caritas\/wp-json\/wp\/v2\/tags?post=201"}],"curies":[{"name":"wp","href":"https:\/\/api.w.org\/{rel}","templated":true}]}}