{"id":206,"date":"2015-06-16T15:34:00","date_gmt":"2015-06-16T13:34:00","guid":{"rendered":"https:\/\/diocesi.concordia-pordenone.it\/caritas\/giornata-mondiale-del-rifugiato-2\/"},"modified":"2015-06-16T15:34:00","modified_gmt":"2015-06-16T13:34:00","slug":"giornata-mondiale-del-rifugiato-2","status":"publish","type":"post","link":"https:\/\/diocesi.concordia-pordenone.it\/caritas\/giornata-mondiale-del-rifugiato-2\/","title":{"rendered":"Giornata Mondiale del Rifugiato"},"content":{"rendered":"<p>In occasione della Giornata Mondiale del Rifugiato, che si celebra il 20 giugno di ogni anno, \u00e8 stata realizzata la <strong>MOSTRA FOTOGRAFICA \u201cALTRI SGUARDI\u201d<\/strong>, che a Pordenone verr\u00e0 inaugurata <strong>sabato 20 giugno 2015<\/strong>, alle <strong>ore 11.30<\/strong>, presso lo <strong>Spazio Espositivo del Centro Culturale \u201cA. ZANUSSI\u201d<\/strong>, in via Concordia Sagittaria 7.<\/p>\n<p> Verranno esposte immagini delle citt\u00e0 sedi dei progetti SPRAR (Sistema di Protezione Richiedenti Asilo e Rifugiati) di Pordenone, Udine, Codroipo e Gorizia, realizzate dagli stessi beneficiari. La mostra sar\u00e0 visitabile fino al 28 giugno. <strong>Dal 29 giugno <\/strong>la mostra si sposter\u00e0 nel <strong>chiostro della Biblioteca Civica di Pordenone<\/strong> (<strong>inaugurazione <\/strong>luned\u00ec 29 giugno <strong>alle ore 17.00<\/strong>).<\/p>\n<p> A Pordenone i progetti SPRAR sono gestiti dalla Cooperativa Nuovi Vicini, braccio operativo della Caritas Diocesana, che ha seguito la creazione e l&#8217;allestimento di questa mostra fotografica.<\/p>\n<p> L\u2019esposizione dei lavori alla cittadinanza vuole in primis sensibilizzare la comunit\u00e0 sul tema della protezione internazionale, ma soprattutto creare momenti di socializzazione tra tutti i vari componenti della societ\u00e0 che vivono il territorio. Il laboratorio \u00e8 stato condotto dal fotografo Alberto Moretti, che ha accompagnato e guidato i ragazzi in questo percorso di scoperta o riscoperta della citt\u00e0 in cui risiedono, facendo emergere il talento e la volont\u00e0 di comunicazione attraverso le immagini. Durante gli incontri le fotografie di ciascun partecipante sono state analizzate collettivamente e sono state scelte sulla base degli interessi, degli orientamenti, delle attitudini visive di ognuno di loro, per ottenere infine una storia. Dai circa 3000 scatti complessivi si \u00e8 arrivati alle 25 brevi narrazioni che potremo ammirare durante l&#8217;esposizione della mostra.<\/p>\n<p> Scarica a fondo pagina il <strong>flyer <\/strong>con tutte le iniziative in Friuli Venezia Giulia e l&#8217;<strong>opuscolo &#8220;Richiedenti asilo e rifugiati: perch\u00e8 aiutarli a casa nostra&#8221;<\/strong> (con dati aggiornati a maggio 2015), realizzato dalle Caritas Diocesane di Concordia-Pordenone, Gorizia e Udine.<\/p>\n<p> \u00a0<\/p>\n<hr class=\"wpba_attachment_hr\"><div id='wpba_attachment_list' class='wpba wpba-wrap'>\n<ul class='wpba-attachment-list unstyled'><li id='wpba_attachment_list_208' class='wpba-list-item pull-left'><img src='https:\/\/diocesi.concordia-pordenone.it\/caritas\/wp-content\/themes\/wp-starter-so\/icons\/document.png' width='16' height='20' class='wpba-icon pull-left'><a href='https:\/\/diocesi.concordia-pordenone.it\/caritas\/wp-content\/uploads\/sites\/3\/2021\/06\/Altri-Sguardi-flyer_web.pdf' title='Altri-Sguardi-flyer_web' class='wpba-link pull-left' target=\"_blank\">Altri-Sguardi-flyer_web<\/a><\/li>\n<li id='wpba_attachment_list_209' class='wpba-list-item pull-left'><img src='https:\/\/diocesi.concordia-pordenone.it\/caritas\/wp-content\/themes\/wp-starter-so\/icons\/document.png' width='16' height='20' class='wpba-icon pull-left'><a href='https:\/\/diocesi.concordia-pordenone.it\/caritas\/wp-content\/uploads\/sites\/3\/2021\/06\/Altri-Sguardi-locandina_web.pdf' title='Altri-Sguardi-locandina_web' class='wpba-link pull-left' target=\"_blank\">Altri-Sguardi-locandina_web<\/a><\/li>\n<li id='wpba_attachment_list_210' class='wpba-list-item pull-left'><img src='https:\/\/diocesi.concordia-pordenone.it\/caritas\/wp-content\/themes\/wp-starter-so\/icons\/document.png' width='16' height='20' class='wpba-icon pull-left'><a href='https:\/\/diocesi.concordia-pordenone.it\/caritas\/wp-content\/uploads\/sites\/3\/2021\/06\/opuscolo-rifugiati_caritas-friuli_maggio-2015_web.pdf' title='opuscolo-rifugiati_caritas-friuli_maggio-2015_web' class='wpba-link pull-left' target=\"_blank\">opuscolo-rifugiati_caritas-friuli_maggio-2015_web<\/a><\/li>\n<\/ul><\/div>\n","protected":false},"excerpt":{"rendered":"<p>In occasione della Giornata Mondiale del Rifugiato, che si celebra il 20 giugno di ogni anno, \u00e8 stata realizzata la MOSTRA FOTOGRAFICA \u201cALTRI SGUARDI\u201d, che a Pordenone verr\u00e0 inaugurata sabato 20 giugno 2015, alle ore 11.30, presso lo Spazio Espositivo del Centro Culturale \u201cA. ZANUSSI\u201d, in via Concordia Sagittaria 7.<br \/>\nVerranno esposte immagini delle citt\u00e0 sedi dei progetti SPRAR di Pordenone, Udine, Codroipo e Gorizia, realizzate dagli stessi beneficiari. La mostra sar\u00e0 visitabile fino al 28 giugno. Dal 29 giugno la mostra si sposter\u00e0 nel chiostro della Biblioteca Civica di Pordenone (inaugurazione luned\u00ec 29 giugno alle ore 17.00)<\/p>\n","protected":false},"author":0,"featured_media":207,"comment_status":"closed","ping_status":"closed","sticky":false,"template":"","format":"standard","meta":{"_acf_changed":false,"footnotes":""},"categories":[4],"tags":[],"class_list":["post-206","post","type-post","status-publish","format-standard","has-post-thumbnail","hentry","category-news-in-primo-piano"],"acf":{"seed-localization-paese-cod":"","seed-localization-address":"","seed-localization-citta":"","seed-localization-regione-cod-istat":"","seed-localization-citta-cod-istat":"","seed-localization-localita":"","seed-localization-cap":"","seed-localization-geo":{"lat":41.90552298770031,"lng":12.509441971778871,"zoom":10,"markers":[],"address":"","layers":["OpenStreetMap.Mapnik"]},"seed-localization-marker-visibility":false,"seed-localization-children-visibility":false,"seed-localization-kml":null,"seed-localization-custom-marker":null},"_links":{"self":[{"href":"https:\/\/diocesi.concordia-pordenone.it\/caritas\/wp-json\/wp\/v2\/posts\/206","targetHints":{"allow":["GET"]}}],"collection":[{"href":"https:\/\/diocesi.concordia-pordenone.it\/caritas\/wp-json\/wp\/v2\/posts"}],"about":[{"href":"https:\/\/diocesi.concordia-pordenone.it\/caritas\/wp-json\/wp\/v2\/types\/post"}],"author":[{"embeddable":true,"href":"https:\/\/diocesi.concordia-pordenone.it\/caritas\/wp-json\/wp\/v2\/users\/1"}],"replies":[{"embeddable":true,"href":"https:\/\/diocesi.concordia-pordenone.it\/caritas\/wp-json\/wp\/v2\/comments?post=206"}],"version-history":[{"count":0,"href":"https:\/\/diocesi.concordia-pordenone.it\/caritas\/wp-json\/wp\/v2\/posts\/206\/revisions"}],"wp:featuredmedia":[{"embeddable":true,"href":"https:\/\/diocesi.concordia-pordenone.it\/caritas\/wp-json\/wp\/v2\/media\/207"}],"wp:attachment":[{"href":"https:\/\/diocesi.concordia-pordenone.it\/caritas\/wp-json\/wp\/v2\/media?parent=206"}],"wp:term":[{"taxonomy":"category","embeddable":true,"href":"https:\/\/diocesi.concordia-pordenone.it\/caritas\/wp-json\/wp\/v2\/categories?post=206"},{"taxonomy":"post_tag","embeddable":true,"href":"https:\/\/diocesi.concordia-pordenone.it\/caritas\/wp-json\/wp\/v2\/tags?post=206"}],"curies":[{"name":"wp","href":"https:\/\/api.w.org\/{rel}","templated":true}]}}