{"id":2146,"date":"2022-08-05T12:25:33","date_gmt":"2022-08-05T10:25:33","guid":{"rendered":"https:\/\/diocesi.concordia-pordenone.it\/caritas\/?p=2146"},"modified":"2022-08-05T12:25:33","modified_gmt":"2022-08-05T10:25:33","slug":"la-concordia-maggio-agosto-2022","status":"publish","type":"post","link":"https:\/\/diocesi.concordia-pordenone.it\/caritas\/la-concordia-maggio-agosto-2022\/","title":{"rendered":"La Concordia maggio\/agosto 2022"},"content":{"rendered":"<p>&nbsp;<\/p>\n<p style=\"background: white\"><span style=\"font-family: 'Open Sans',sans-serif;color: #444444\">\u00c8 online il numero estivo de\u00a0<em style=\"line-height: inherit\"><span style=\"font-family: 'Open Sans',sans-serif\">La Concordia<\/span><\/em>.<br \/>In questo numero, tra le varie notizie: la Relazione del Centro di Ascolto, il Convegno nazionale Caritas, la Giornata Mondiale del Rifugiato, aggiornamenti sull\u2019emergenza in Ucraina, il progetto \u201cAlla scoperta di Piccoli Tesori\u201d, la testimonianza dei volontari in Servizio Civile Universale, Pordenonelegge 2022.<\/p>\n<p><\/span><em style=\"line-height: inherit\"><span style=\"font-family: 'Open Sans',sans-serif;color: #444444\">\u201cLa Concordia\u201d \u00e8 una rivista quadrimestrale che fa conoscere il mondo della Caritas diocesana, i progetti e le azioni intraprese, i corsi di formazione, e d\u00e0 un\u2019informazione sulle attivit\u00e0 delle Caritas parrocchiali e delle realt\u00e0 che collaborano con la Caritas diocesana. \u00c8 uno strumento per far circolare le notizie in modo capillare, nelle famiglie come nelle comunit\u00e0 parrocchiali.<\/span><\/em><\/p>\n","protected":false},"excerpt":{"rendered":"<p>&nbsp; \u00c8 online il numero estivo de\u00a0La Concordia.In questo numero, tra le varie notizie: la Relazione del Centro di Ascolto, il Convegno nazionale Caritas, la Giornata Mondiale del Rifugiato, aggiornamenti sull\u2019emergenza in Ucraina, il progetto \u201cAlla scoperta di Piccoli Tesori\u201d, la testimonianza dei volontari in Servizio Civile Universale, Pordenonelegge 2022. \u201cLa Concordia\u201d \u00e8 una rivista quadrimestrale che fa conoscere il mondo della Caritas diocesana, i &hellip; <a href=\"https:\/\/diocesi.concordia-pordenone.it\/caritas\/la-concordia-maggio-agosto-2022\/\" class=\"more-link\">Continue reading <span class=\"screen-reader-text\"><\/span> <span class=\"meta-nav\">&raquo;<\/span><\/a><\/p>\n","protected":false},"author":0,"featured_media":0,"comment_status":"closed","ping_status":"closed","sticky":false,"template":"","format":"standard","meta":{"_acf_changed":false,"footnotes":""},"categories":[4],"tags":[],"class_list":["post-2146","post","type-post","status-publish","format-standard","hentry","category-news-in-primo-piano"],"acf":{"seed-localization-paese-cod":"","seed-localization-address":"","seed-localization-citta":"","seed-localization-regione-cod-istat":"","seed-localization-citta-cod-istat":"","seed-localization-localita":"","seed-localization-cap":"","seed-localization-geo":{"lat":41.9053433,"lng":12.5099945,"zoom":10,"markers":[],"address":"","layers":["OpenStreetMap.Mapnik"],"version":"1.3.2"},"seed-localization-marker-visibility":false,"seed-localization-children-visibility":false,"seed-localization-kml":"","seed-localization-custom-marker":""},"_links":{"self":[{"href":"https:\/\/diocesi.concordia-pordenone.it\/caritas\/wp-json\/wp\/v2\/posts\/2146","targetHints":{"allow":["GET"]}}],"collection":[{"href":"https:\/\/diocesi.concordia-pordenone.it\/caritas\/wp-json\/wp\/v2\/posts"}],"about":[{"href":"https:\/\/diocesi.concordia-pordenone.it\/caritas\/wp-json\/wp\/v2\/types\/post"}],"author":[{"embeddable":true,"href":"https:\/\/diocesi.concordia-pordenone.it\/caritas\/wp-json\/wp\/v2\/users\/3"}],"replies":[{"embeddable":true,"href":"https:\/\/diocesi.concordia-pordenone.it\/caritas\/wp-json\/wp\/v2\/comments?post=2146"}],"version-history":[{"count":3,"href":"https:\/\/diocesi.concordia-pordenone.it\/caritas\/wp-json\/wp\/v2\/posts\/2146\/revisions"}],"predecessor-version":[{"id":2258,"href":"https:\/\/diocesi.concordia-pordenone.it\/caritas\/wp-json\/wp\/v2\/posts\/2146\/revisions\/2258"}],"wp:attachment":[{"href":"https:\/\/diocesi.concordia-pordenone.it\/caritas\/wp-json\/wp\/v2\/media?parent=2146"}],"wp:term":[{"taxonomy":"category","embeddable":true,"href":"https:\/\/diocesi.concordia-pordenone.it\/caritas\/wp-json\/wp\/v2\/categories?post=2146"},{"taxonomy":"post_tag","embeddable":true,"href":"https:\/\/diocesi.concordia-pordenone.it\/caritas\/wp-json\/wp\/v2\/tags?post=2146"}],"curies":[{"name":"wp","href":"https:\/\/api.w.org\/{rel}","templated":true}]}}