{"id":2357,"date":"2023-03-08T17:21:46","date_gmt":"2023-03-08T16:21:46","guid":{"rendered":"https:\/\/diocesi.concordia-pordenone.it\/caritas\/?p=2357"},"modified":"2023-03-08T17:21:46","modified_gmt":"2023-03-08T16:21:46","slug":"scintille-di-speranza-tra-le-macerie","status":"publish","type":"post","link":"https:\/\/diocesi.concordia-pordenone.it\/caritas\/scintille-di-speranza-tra-le-macerie\/","title":{"rendered":"Scintille di speranza tra le macerie"},"content":{"rendered":"<p><em><strong>Le Caritas del Nord-Est unite per raccontare la situazione dei terremotati in Turchia e Siria<\/strong><\/em><br \/>\n<span style=\"color: #993300\"><strong>15 marzo 2023 &#8211; evento online<\/strong><\/span><\/p>\n<p>&nbsp;<\/p>\n<p><strong>Mercoled\u00ec 15 marzo 2023<\/strong>, alle <strong>ore 20.30<\/strong>, le Caritas della Delegazione Nord-Est (Friuli Venezia Giulia, Trentino Alto Adige e Veneto) organizzano l\u2019<strong>incontro online \u201cScintille di speranza tra le macerie\u201d<\/strong>, un momento di riflessione e testimonianza sulla situazione drammatica dei terremotati in Turchia e Siria.<\/p>\n<p>Interverranno <strong>Laura Stopponi<\/strong>, responsabile dell&#8217;Ufficio Europa di Caritas Italiana, <strong>Alessandro Cadorin<\/strong> e <strong>Danilo Feliciangeli<\/strong>, operatori di Caritas Italiana che operano rispettivamente in Turchia e Siria, e <strong>Giulia Longo<\/strong>, di Caritas in Turchia.<\/p>\n<p>Le Caritas diocesane del Nord-Est propongono questo incontro per far conoscere la situazione in atto e le iniziative programmate per affrontare l\u2019emergenza, quali sono le necessit\u00e0 e le criticit\u00e0, e come sostenere le attivit\u00e0 in corso.<\/p>\n<p>Sar\u00e0 possibile <strong>seguire l\u2019incontro in diretta<\/strong>, mercoled\u00ec 15 marzo alle 20.30, dal sito <a href=\"http:\/\/www.caritastarvisina.it\/\" target=\"_blank\" rel=\"noopener\">www.caritastarvisina.it<\/a> oppure dal canale YouTube della Caritas Tarvisina (link diretto all\u2019evento: <a href=\"https:\/\/youtube.com\/live\/KU293azJuEY\" target=\"_blank\" rel=\"noopener\">https:\/\/youtube.com\/live\/KU293azJuEY<\/a>).<\/p>\n<p>&nbsp;<\/p>\n<p><em>Per ulteriori informazioni sull&#8217;emergenza terremoto e su come fare una donazione, clicca <a href=\"https:\/\/diocesi.concordia-pordenone.it\/caritas\/emergenza-terremoto-in-turchia-e-siria\/\" target=\"_blank\" rel=\"noopener\">qui<\/a><\/em><\/p>\n<hr class=\"wpba_attachment_hr\"><div id='wpba_attachment_list' class='wpba wpba-wrap'>\n<ul class='wpba-attachment-list unstyled'><li id='wpba_attachment_list_2361' class='wpba-list-item pull-left'><img src='https:\/\/diocesi.concordia-pordenone.it\/caritas\/wp-content\/themes\/wp-starter-so\/icons\/document.png' width='16' height='20' class='wpba-icon pull-left'><a href='https:\/\/diocesi.concordia-pordenone.it\/caritas\/wp-content\/uploads\/sites\/3\/2023\/03\/Poster-15marzo23-DEF.pdf' title='la locandina dell&#039;iniziativa' class='wpba-link pull-left' target=\"_blank\">la locandina dell&#039;iniziativa<\/a><\/li>\n<\/ul><\/div>\n","protected":false},"excerpt":{"rendered":"<p>Le Caritas del Nord-Est unite per raccontare la situazione dei terremotati in Turchia e Siria 15 marzo 2023 &#8211; evento online &nbsp; Mercoled\u00ec 15 marzo 2023, alle ore 20.30, le Caritas della Delegazione Nord-Est (Friuli Venezia Giulia, Trentino Alto Adige e Veneto) organizzano l\u2019incontro online \u201cScintille di speranza tra le macerie\u201d, un momento di riflessione e testimonianza sulla situazione drammatica dei terremotati in Turchia e &hellip; <a href=\"https:\/\/diocesi.concordia-pordenone.it\/caritas\/scintille-di-speranza-tra-le-macerie\/\" class=\"more-link\">Continue reading <span class=\"screen-reader-text\"><\/span> <span class=\"meta-nav\">&raquo;<\/span><\/a><\/p>\n","protected":false},"author":0,"featured_media":2358,"comment_status":"closed","ping_status":"closed","sticky":false,"template":"","format":"standard","meta":{"_acf_changed":false,"footnotes":""},"categories":[4],"tags":[],"class_list":["post-2357","post","type-post","status-publish","format-standard","has-post-thumbnail","hentry","category-news-in-primo-piano"],"acf":{"seed-localization-paese-cod":"","seed-localization-address":"","seed-localization-citta":"","seed-localization-regione-cod-istat":"","seed-localization-citta-cod-istat":"","seed-localization-localita":"","seed-localization-cap":"","seed-localization-geo":{"lat":41.9053433,"lng":12.5099945,"zoom":10,"markers":[],"address":"","layers":["OpenStreetMap.Mapnik"],"version":"1.3.2"},"seed-localization-marker-visibility":false,"seed-localization-children-visibility":false,"seed-localization-kml":"","seed-localization-custom-marker":""},"_links":{"self":[{"href":"https:\/\/diocesi.concordia-pordenone.it\/caritas\/wp-json\/wp\/v2\/posts\/2357","targetHints":{"allow":["GET"]}}],"collection":[{"href":"https:\/\/diocesi.concordia-pordenone.it\/caritas\/wp-json\/wp\/v2\/posts"}],"about":[{"href":"https:\/\/diocesi.concordia-pordenone.it\/caritas\/wp-json\/wp\/v2\/types\/post"}],"author":[{"embeddable":true,"href":"https:\/\/diocesi.concordia-pordenone.it\/caritas\/wp-json\/wp\/v2\/users\/3"}],"replies":[{"embeddable":true,"href":"https:\/\/diocesi.concordia-pordenone.it\/caritas\/wp-json\/wp\/v2\/comments?post=2357"}],"version-history":[{"count":5,"href":"https:\/\/diocesi.concordia-pordenone.it\/caritas\/wp-json\/wp\/v2\/posts\/2357\/revisions"}],"predecessor-version":[{"id":2364,"href":"https:\/\/diocesi.concordia-pordenone.it\/caritas\/wp-json\/wp\/v2\/posts\/2357\/revisions\/2364"}],"wp:featuredmedia":[{"embeddable":true,"href":"https:\/\/diocesi.concordia-pordenone.it\/caritas\/wp-json\/wp\/v2\/media\/2358"}],"wp:attachment":[{"href":"https:\/\/diocesi.concordia-pordenone.it\/caritas\/wp-json\/wp\/v2\/media?parent=2357"}],"wp:term":[{"taxonomy":"category","embeddable":true,"href":"https:\/\/diocesi.concordia-pordenone.it\/caritas\/wp-json\/wp\/v2\/categories?post=2357"},{"taxonomy":"post_tag","embeddable":true,"href":"https:\/\/diocesi.concordia-pordenone.it\/caritas\/wp-json\/wp\/v2\/tags?post=2357"}],"curies":[{"name":"wp","href":"https:\/\/api.w.org\/{rel}","templated":true}]}}