{"id":236,"date":"2019-03-08T12:30:00","date_gmt":"2019-03-08T11:30:00","guid":{"rendered":"https:\/\/diocesi.concordia-pordenone.it\/caritas\/presentata-la-relazione-annuale-del-centro-di-ascolto\/"},"modified":"2019-03-08T12:30:00","modified_gmt":"2019-03-08T11:30:00","slug":"presentata-la-relazione-annuale-del-centro-di-ascolto","status":"publish","type":"post","link":"https:\/\/diocesi.concordia-pordenone.it\/caritas\/presentata-la-relazione-annuale-del-centro-di-ascolto\/","title":{"rendered":"Presentata la relazione annuale del Centro di Ascolto"},"content":{"rendered":"<div>Venerd\u00ec 8 marzo 2019 \u00e8 stata presentata la <strong>relazione del Centro di Ascolto<\/strong>, sull&#8217;<strong>attivit\u00e0 dell&#8217;anno 2018<\/strong>.<\/div>\n<div>\u00a0<\/div>\n<div>Erano presenti il vicario generale mons. Orioldo Marson, il vicario per la prossimit\u00e0 don Davide Corba, il direttore della Caritas Andrea Barachino, il vicesindaco di Pordenone Eligio Grizzo.<br ><\/div>\n<div>Ha illustrato la relazione Adriana Segato, responsabile del Centro di Ascolto diocesano.<\/div>\n<div>\u00a0<\/div>\n<div>Un importante appuntamento annuale, per conoscere quali sono le difficolt\u00e0 che incontrano molte famiglie italiane e straniere nel territorio diocesano, e le azioni di aiuto messe in atto dalla Caritas in diocesi.<br ><\/div>\n<div>\u00a0<\/div>\n<div>Quest&#8217;anno l&#8217;approfondimento \u00e8 stato dedicato alle nuove migrazioni a Pordenone negli ultimi cinque anni, dal 2014 al 2018.<\/div>\n<div>\u00a0<\/div>\n<div>\n<div>Scarica la relazione dal link qui sotto<\/div>\n<div>\u00a0<\/div>\n<\/div>\n<hr class=\"wpba_attachment_hr\"><div id='wpba_attachment_list' class='wpba wpba-wrap'>\n<ul class='wpba-attachment-list unstyled'><li id='wpba_attachment_list_238' class='wpba-list-item pull-left'><img src='https:\/\/diocesi.concordia-pordenone.it\/caritas\/wp-content\/themes\/wp-starter-so\/icons\/document.png' width='16' height='20' class='wpba-icon pull-left'><a href='https:\/\/diocesi.concordia-pordenone.it\/caritas\/wp-content\/uploads\/sites\/3\/2021\/06\/relazione-centro-ascolto_attivita-2018.pdf' title='relazione-centro-ascolto_attivita-2018' class='wpba-link pull-left' target=\"_blank\">relazione-centro-ascolto_attivita-2018<\/a><\/li>\n<\/ul><\/div>\n","protected":false},"excerpt":{"rendered":"<p>Venerd\u00ec 8 marzo 2019 \u00e8 stata presentata la relazione del Centro di Ascolto, sull&#8217;attivit\u00e0 dell&#8217;anno 2018. Un importante appuntamento annuale, per conoscere quali sono le difficolt\u00e0 che incontrano molte famiglie italiane e straniere nel territorio diocesano, e le azioni di aiuto messe in atto dalla Caritas in diocesi. Quest&#8217;anno l&#8217;approfondimento \u00e8 stato dedicato alle nuove migrazioni a Pordenone negli ultimi cinque anni, dal 2014 al 2018. Entra per scaricare il pdf della relazione<\/p>\n","protected":false},"author":0,"featured_media":237,"comment_status":"closed","ping_status":"closed","sticky":false,"template":"","format":"standard","meta":{"_acf_changed":false,"footnotes":""},"categories":[4],"tags":[],"class_list":["post-236","post","type-post","status-publish","format-standard","has-post-thumbnail","hentry","category-news-in-primo-piano"],"acf":{"seed-localization-paese-cod":"","seed-localization-address":"","seed-localization-citta":"","seed-localization-regione-cod-istat":"","seed-localization-citta-cod-istat":"","seed-localization-localita":"","seed-localization-cap":"","seed-localization-geo":{"lat":41.90552298770031,"lng":12.509441971778871,"zoom":10,"markers":[],"address":"","layers":["OpenStreetMap.Mapnik"]},"seed-localization-marker-visibility":false,"seed-localization-children-visibility":false,"seed-localization-kml":null,"seed-localization-custom-marker":null},"_links":{"self":[{"href":"https:\/\/diocesi.concordia-pordenone.it\/caritas\/wp-json\/wp\/v2\/posts\/236","targetHints":{"allow":["GET"]}}],"collection":[{"href":"https:\/\/diocesi.concordia-pordenone.it\/caritas\/wp-json\/wp\/v2\/posts"}],"about":[{"href":"https:\/\/diocesi.concordia-pordenone.it\/caritas\/wp-json\/wp\/v2\/types\/post"}],"author":[{"embeddable":true,"href":"https:\/\/diocesi.concordia-pordenone.it\/caritas\/wp-json\/wp\/v2\/users\/1"}],"replies":[{"embeddable":true,"href":"https:\/\/diocesi.concordia-pordenone.it\/caritas\/wp-json\/wp\/v2\/comments?post=236"}],"version-history":[{"count":0,"href":"https:\/\/diocesi.concordia-pordenone.it\/caritas\/wp-json\/wp\/v2\/posts\/236\/revisions"}],"wp:featuredmedia":[{"embeddable":true,"href":"https:\/\/diocesi.concordia-pordenone.it\/caritas\/wp-json\/wp\/v2\/media\/237"}],"wp:attachment":[{"href":"https:\/\/diocesi.concordia-pordenone.it\/caritas\/wp-json\/wp\/v2\/media?parent=236"}],"wp:term":[{"taxonomy":"category","embeddable":true,"href":"https:\/\/diocesi.concordia-pordenone.it\/caritas\/wp-json\/wp\/v2\/categories?post=236"},{"taxonomy":"post_tag","embeddable":true,"href":"https:\/\/diocesi.concordia-pordenone.it\/caritas\/wp-json\/wp\/v2\/tags?post=236"}],"curies":[{"name":"wp","href":"https:\/\/api.w.org\/{rel}","templated":true}]}}