{"id":242,"date":"2016-05-11T12:43:00","date_gmt":"2016-05-11T10:43:00","guid":{"rendered":"https:\/\/diocesi.concordia-pordenone.it\/caritas\/percorso-di-formazione-sulla-grave-marginalita\/"},"modified":"2016-05-11T12:43:00","modified_gmt":"2016-05-11T10:43:00","slug":"percorso-di-formazione-sulla-grave-marginalita","status":"publish","type":"post","link":"https:\/\/diocesi.concordia-pordenone.it\/caritas\/percorso-di-formazione-sulla-grave-marginalita\/","title":{"rendered":"Percorso di formazione sulla grave marginalit\u00e0"},"content":{"rendered":"<div>\u00a0<\/div>\n<div>La Caritas Diocesana organizza un <strong>percorso di formazione sugli aspetti teorici e pratici della grave marginalit\u00e0<\/strong>, rivolto a <strong>volontari coinvolti e da coinvolgere<\/strong> in esperienze concrete di accoglienza.<\/div>\n<div>Lo scopo \u00e8 quello di <strong>sensibilizzare <\/strong>la comunit\u00e0 sul tema della grave marginalit\u00e0, e di <strong>avvicinare volontari gi\u00e0 attivi e nuovi<\/strong> alle attivit\u00e0 di accoglienza in fase di avvio nell\u2019Ex Locanda al Sole e in nuovi spazi all\u2019interno di Casa Madonna Pellegrina. <\/div>\n<div>\u00a0<\/div>\n<div><strong>DATE E ORARI<\/strong><\/div>\n<div><strong>4 incontri<\/strong>, della durata di tre ore, <strong>dalle 18.30 alle 21.30<\/strong>, intervallati da una pausa nella quale sar\u00e0 offerto un buffet.<\/div>\n<div>Il calendario:<\/div>\n<div>&#8211; venerd\u00ec <strong>20 maggio<\/strong><\/div>\n<div>&#8211; mercoled\u00ec <strong>25 maggio<\/strong><\/div>\n<div>&#8211; mercoled\u00ec <strong>8 giugno<\/strong><\/div>\n<div>&#8211; mercoled\u00ec <strong>15 giugno<\/strong><\/div>\n<div>\u00a0<\/div>\n<div><strong>LUOGHI<\/strong><\/div>\n<div>primi 3 incontri: c\/o Casa Madonna Pellegrina, in Via Madonna Pellegrina, 11 &#8211; Pordenone<\/div>\n<div>ultimo incontro: c\/o Ex Locanda al Sole, in Via Montereale, angolo Viale Grigoletti &#8211; Pordenone<\/div>\n<div>\u00a0<\/div>\n<div><strong>DESTINATARI<\/strong><\/div>\n<div>Il percorso \u00e8 aperto a tutti gli interessati, sia persone singole, sia appartenenti a reti e organizzazioni.<\/div>\n<div>In particolare intendiamo coinvolgere:<\/div>\n<div>&#8211; volontari Caritas<\/div>\n<div>&#8211; volontari rete solidale<\/div>\n<div>&#8211; tavolo emergenza abitativa di Ambito<\/div>\n<div>&#8211; associazioni<\/div>\n<div>&#8211; cittadini volenterosi<\/div>\n<div>&#8211; operatori<\/div>\n<div>\u00a0<\/div>\n<div><strong>TEMI<\/strong><\/div>\n<div>Le quattro tappe del percorso prevedono una parte teorica, con l\u2019opportunit\u00e0 di confrontarsi con esperienze gi\u00e0 in atto, e una progettuale, per individuare gli interventi concreti da attuare a Pordenone e in diocesi.<\/div>\n<div>\u00a0<\/div>\n<div>Primo incontro: <strong>di chi stiamo parlando<\/strong> (definizioni, elementi caratterizzanti, ecc.):<\/div>\n<div>&#8211; i senza fissa dimora, la marginalit\u00e0 estrema, le carriere di povert\u00e0<\/div>\n<div>&#8211; informazione sull&#8217;impatto sul territorio;\u00a0confronto con dati del report sulla grave marginalit\u00e0<\/div>\n<div>&#8211; chi sono i profughi: approfondimento<\/div>\n<div>\u00a0<\/div>\n<div>Secondo incontro: <strong>cosa significa accogliere<\/strong><\/div>\n<div>&#8211; fondamenti teorici<\/div>\n<div>&#8211; linee di indirizzo per il contrasto della grave emarginazione adulta <\/div>\n<div>&#8211; esempi di accoglienza (Il Fogolar, Housing First, ecc.)<\/div>\n<div>\u00a0<\/div>\n<div>Terzo incontro: <strong>la relazione d&#8217;aiuto e l&#8217;ascolto<\/strong><\/div>\n<div>\u00a0<\/div>\n<div>Quarto incontro: <strong>come fare<\/strong><\/div>\n<div>&#8211; incontro pratico organizzativo esperienziale<\/div>\n<div>&#8211; proposta di idee<\/div>\n<div>&#8211; ipotesi su come gestire l&#8217;accoglienza, un servizio mensa, ecc.<\/div>\n<div>\u00a0<\/div>\n<div><strong>MODALIT\u00c0<\/strong><\/div>\n<div>Saranno utilizzate modalit\u00e0 che favoriscano il pi\u00f9 possibile la partecipazione attiva dei partecipanti, attraverso:<\/div>\n<div>&#8211; relazioni di esperti<\/div>\n<div>&#8211; testimonianze<\/div>\n<div>&#8211; lavori di gruppo<\/div>\n<div>&#8211; video e percorsi multimediali<br ><\/div>\n<div>\u00a0<\/div>\n<div><strong>Info<\/strong>: 0434 546875 &#8211; caritas@diocesiconcordiapordenone.it<\/div>\n<div>\u00a0<\/div>\n<hr class=\"wpba_attachment_hr\"><div id='wpba_attachment_list' class='wpba wpba-wrap'>\n<ul class='wpba-attachment-list unstyled'><li id='wpba_attachment_list_244' class='wpba-list-item pull-left'><img src='https:\/\/diocesi.concordia-pordenone.it\/caritas\/wp-content\/themes\/wp-starter-so\/icons\/document.png' width='16' height='20' class='wpba-icon pull-left'><a href='https:\/\/diocesi.concordia-pordenone.it\/caritas\/wp-content\/uploads\/sites\/3\/2021\/06\/volantino-percorso-formazione-grave-marginalita-maggio_giugno-2016.pdf' title='volantino-percorso-formazione-grave-marginalita-maggio_giugno-2016' class='wpba-link pull-left' target=\"_blank\">volantino-percorso-formazione-grave-marginalita-maggio_giugno-2016<\/a><\/li>\n<\/ul><\/div>\n","protected":false},"excerpt":{"rendered":"<p>Parte venerd\u00ec 20 maggio, alle ore 18.30, presso Casa Madonna Pellegrina a Pordenone, un percorso di formazione sugli aspetti teorici e pratici della grave marginalit\u00e0, per volontari coinvolti e da coinvolgere in esperienze concrete di accoglienza. Lo scopo \u00e8 quello di sensibilizzare la comunit\u00e0 sul tema della grave marginalit\u00e0, e di avvicinare volontari gi\u00e0 attivi e nuovi alle attivit\u00e0 di accoglienza in fase di avvio nell\u2019ex Locanda al Sole e in Casa Madonna Pellegrina. 4 incontri, della durata di tre ore, dalle 18.30 alle 21.30, intervallati da una pausa nella quale sar\u00e0 offerto un buffet. Entra per conoscere il calendario e maggiori dettagli<\/p>\n","protected":false},"author":0,"featured_media":243,"comment_status":"closed","ping_status":"closed","sticky":false,"template":"","format":"standard","meta":{"_acf_changed":false,"footnotes":""},"categories":[4],"tags":[],"class_list":["post-242","post","type-post","status-publish","format-standard","has-post-thumbnail","hentry","category-news-in-primo-piano"],"acf":{"seed-localization-paese-cod":"","seed-localization-address":"","seed-localization-citta":"","seed-localization-regione-cod-istat":"","seed-localization-citta-cod-istat":"","seed-localization-localita":"","seed-localization-cap":"","seed-localization-geo":{"lat":41.90552298770031,"lng":12.509441971778871,"zoom":10,"markers":[],"address":"","layers":["OpenStreetMap.Mapnik"]},"seed-localization-marker-visibility":false,"seed-localization-children-visibility":false,"seed-localization-kml":null,"seed-localization-custom-marker":null},"_links":{"self":[{"href":"https:\/\/diocesi.concordia-pordenone.it\/caritas\/wp-json\/wp\/v2\/posts\/242","targetHints":{"allow":["GET"]}}],"collection":[{"href":"https:\/\/diocesi.concordia-pordenone.it\/caritas\/wp-json\/wp\/v2\/posts"}],"about":[{"href":"https:\/\/diocesi.concordia-pordenone.it\/caritas\/wp-json\/wp\/v2\/types\/post"}],"author":[{"embeddable":true,"href":"https:\/\/diocesi.concordia-pordenone.it\/caritas\/wp-json\/wp\/v2\/users\/1"}],"replies":[{"embeddable":true,"href":"https:\/\/diocesi.concordia-pordenone.it\/caritas\/wp-json\/wp\/v2\/comments?post=242"}],"version-history":[{"count":0,"href":"https:\/\/diocesi.concordia-pordenone.it\/caritas\/wp-json\/wp\/v2\/posts\/242\/revisions"}],"wp:featuredmedia":[{"embeddable":true,"href":"https:\/\/diocesi.concordia-pordenone.it\/caritas\/wp-json\/wp\/v2\/media\/243"}],"wp:attachment":[{"href":"https:\/\/diocesi.concordia-pordenone.it\/caritas\/wp-json\/wp\/v2\/media?parent=242"}],"wp:term":[{"taxonomy":"category","embeddable":true,"href":"https:\/\/diocesi.concordia-pordenone.it\/caritas\/wp-json\/wp\/v2\/categories?post=242"},{"taxonomy":"post_tag","embeddable":true,"href":"https:\/\/diocesi.concordia-pordenone.it\/caritas\/wp-json\/wp\/v2\/tags?post=242"}],"curies":[{"name":"wp","href":"https:\/\/api.w.org\/{rel}","templated":true}]}}