{"id":245,"date":"2016-06-15T12:24:00","date_gmt":"2016-06-15T10:24:00","guid":{"rendered":"https:\/\/diocesi.concordia-pordenone.it\/caritas\/aaa-cercasi-volontari-per-asilo-notturno\/"},"modified":"2016-06-15T12:24:00","modified_gmt":"2016-06-15T10:24:00","slug":"aaa-cercasi-volontari-per-asilo-notturno","status":"publish","type":"post","link":"https:\/\/diocesi.concordia-pordenone.it\/caritas\/aaa-cercasi-volontari-per-asilo-notturno\/","title":{"rendered":"AAA Cercasi volontari per Asilo Notturno"},"content":{"rendered":"<div><strong>Accoglienti!<\/strong><\/div>\n<div><strong>Amichevoli!<\/strong><\/div>\n<div><strong>Audaci!<\/strong><\/div>\n<div>\u00a0<\/div>\n<div>Per condividere tempo e cuore accanto a chi, temporaneamente in difficolt\u00e0, chiede ospitalit\u00e0, non avendo un\u2019abitazione e nemmeno un riparo dove trascorrere la notte.<\/div>\n<div>\u00a0<\/div>\n<div>Il servizio si svolger\u00e0 presso l&#8217;<strong>Asilo Notturno ex \u201cLocanda al Sole\u201d<\/strong>, struttura gestita dalla Caritas Diocesana-Fondazione Buon Samaritano in convenzione con l\u2019Ambito Territoriale 6.5 di Pordenone.<\/div>\n<div>\u00a0<\/div>\n<div>Ai volontari \u00e8 chiesto di <strong>partecipare all&#8217;attivit\u00e0 di accoglienza<\/strong>: trascorre la serata con gli ospiti, condividere la cena o la colazione, collaborare con gli operatori nella gesrione ordinaria degli spazi e delle attivit\u00e0, accompagnare gli ospiti nelle eventuali piccole incombenze quotidiane (lavanderia, pulizie), ecc.<\/div>\n<div>\u00a0<\/div>\n<div>\u00c8 richiesta la disponibilit\u00e0 di almeno un momento alla settimana, la sensibilit\u00e0 di porsi a fianco degli ospiti con delicatezza e attenzione, per ascoltare e condividere con discrezione e affetto le loro storie, le fatiche e i sogni e progetti futuri.<\/div>\n<div>\u00a0<\/div>\n<div><strong>Sede del servizio:<\/strong><\/div>\n<div><strong>Asilo Notturno ex &#8220;Locanda al Sole&#8221;, in Piazza don Bosco 22 (inizio di Via Montereale) a Pordenone<\/strong><\/div>\n<div>\u00a0<\/div>\n<div>Per informazioni contattare Caritas Diocesana al numero 0434 546811 (chiedere di Mara Tajariol o Andrea Castellarin)<\/div>\n<div>\u00a0<\/div>\n<hr class=\"wpba_attachment_hr\"><div id='wpba_attachment_list' class='wpba wpba-wrap'>\n<ul class='wpba-attachment-list unstyled'><li id='wpba_attachment_list_247' class='wpba-list-item pull-left'><img src='https:\/\/diocesi.concordia-pordenone.it\/caritas\/wp-content\/themes\/wp-starter-so\/icons\/document.png' width='16' height='20' class='wpba-icon pull-left'><a href='https:\/\/diocesi.concordia-pordenone.it\/caritas\/wp-content\/uploads\/sites\/3\/2021\/06\/volantino-ricerca-volontari-asilo-notturno.pdf' title='volantino-ricerca-volontari-asilo-notturno' class='wpba-link pull-left' target=\"_blank\">volantino-ricerca-volontari-asilo-notturno<\/a><\/li>\n<\/ul><\/div>\n","protected":false},"excerpt":{"rendered":"<p>Per condividere tempo e cuore accanto a chi, temporaneamente in difficolt\u00e0, chiede ospitalit\u00e0, non avendo un\u2019abitazione e nemmeno un riparo dove trascorrere la notte. Il servizio si svolger\u00e0 presso l&#8217;Asilo Notturno ex \u201cLocanda al Sole\u201d, struttura gestita dalla Caritas Diocesana-Fondazione Buon Samaritano in convenzione con l\u2019Ambito Territoriale 6.5 di Pordenone. Per informazioni: Caritas Diocesana &#8211; 0434 546811 (chiedere di Mara Tajariol o Andrea Castellarin)<\/p>\n","protected":false},"author":0,"featured_media":246,"comment_status":"closed","ping_status":"closed","sticky":false,"template":"","format":"standard","meta":{"_acf_changed":false,"footnotes":""},"categories":[4],"tags":[],"class_list":["post-245","post","type-post","status-publish","format-standard","has-post-thumbnail","hentry","category-news-in-primo-piano"],"acf":{"seed-localization-paese-cod":"","seed-localization-address":"","seed-localization-citta":"","seed-localization-regione-cod-istat":"","seed-localization-citta-cod-istat":"","seed-localization-localita":"","seed-localization-cap":"","seed-localization-geo":{"lat":41.90552298770031,"lng":12.509441971778871,"zoom":10,"markers":[],"address":"","layers":["OpenStreetMap.Mapnik"]},"seed-localization-marker-visibility":false,"seed-localization-children-visibility":false,"seed-localization-kml":null,"seed-localization-custom-marker":null},"_links":{"self":[{"href":"https:\/\/diocesi.concordia-pordenone.it\/caritas\/wp-json\/wp\/v2\/posts\/245","targetHints":{"allow":["GET"]}}],"collection":[{"href":"https:\/\/diocesi.concordia-pordenone.it\/caritas\/wp-json\/wp\/v2\/posts"}],"about":[{"href":"https:\/\/diocesi.concordia-pordenone.it\/caritas\/wp-json\/wp\/v2\/types\/post"}],"author":[{"embeddable":true,"href":"https:\/\/diocesi.concordia-pordenone.it\/caritas\/wp-json\/wp\/v2\/users\/1"}],"replies":[{"embeddable":true,"href":"https:\/\/diocesi.concordia-pordenone.it\/caritas\/wp-json\/wp\/v2\/comments?post=245"}],"version-history":[{"count":0,"href":"https:\/\/diocesi.concordia-pordenone.it\/caritas\/wp-json\/wp\/v2\/posts\/245\/revisions"}],"wp:featuredmedia":[{"embeddable":true,"href":"https:\/\/diocesi.concordia-pordenone.it\/caritas\/wp-json\/wp\/v2\/media\/246"}],"wp:attachment":[{"href":"https:\/\/diocesi.concordia-pordenone.it\/caritas\/wp-json\/wp\/v2\/media?parent=245"}],"wp:term":[{"taxonomy":"category","embeddable":true,"href":"https:\/\/diocesi.concordia-pordenone.it\/caritas\/wp-json\/wp\/v2\/categories?post=245"},{"taxonomy":"post_tag","embeddable":true,"href":"https:\/\/diocesi.concordia-pordenone.it\/caritas\/wp-json\/wp\/v2\/tags?post=245"}],"curies":[{"name":"wp","href":"https:\/\/api.w.org\/{rel}","templated":true}]}}