{"id":2809,"date":"2024-07-29T10:25:55","date_gmt":"2024-07-29T08:25:55","guid":{"rendered":"https:\/\/diocesi.concordia-pordenone.it\/caritas\/?p=2809"},"modified":"2024-07-31T15:50:27","modified_gmt":"2024-07-31T13:50:27","slug":"ospitalita-per-giovani-a-casa-madonna-pellegrina","status":"publish","type":"post","link":"https:\/\/diocesi.concordia-pordenone.it\/caritas\/ospitalita-per-giovani-a-casa-madonna-pellegrina\/","title":{"rendered":"Ospitalit\u00e0 per giovani a Casa Madonna Pellegrina"},"content":{"rendered":"<p>&nbsp;<\/p>\n<p>Un&#8217;opportunit\u00e0 per quattro giovani di vivere un\u2019<strong>esperienza di condivisione<\/strong> a Casa Madonna Pellegrina: \u00e8 il nuovo progetto della Caritas diocesana, rivolto a <strong>giovani tra i 18 e 28 anni<\/strong>.<\/p>\n<p>Presso <strong>Casa Madonna Pellegrina<\/strong>, a Pordenone, sono disponibili <strong>4 posti letto<\/strong> (due camere doppie) <span style=\"font-size: inherit;\">con <strong>servizi e cucina in comune<\/strong>, a fronte di un contributo mensile da un minimo di 50\u20ac ad un massimo di 100\u20ac, per studenti, lavoratori o operatori in servizio civile, in un luogo che si trova a pochi passi dal centro citt\u00e0 e da tutti i servizi.<\/span><\/p>\n<p>I posti sono disponibili a partire dal 12 febbraio e fino al 31 dicembre 2024.<\/p>\n<p>Ai giovani diamo la possibilit\u00e0 di vivere un\u2019esperienza di socialit\u00e0 e condivisione, con la possibilit\u00e0 di donare parte del loro tempo in attivit\u00e0 di volontariato nei progetti e servizi della Caritas diocesana.<\/p>\n<p><em>Per informazioni<\/em><br \/>\n<em>e-mail<\/em> <a href=\"mailto:caritas@diocesiconcordiapordenone.it\">caritas@diocesiconcordiapordenone.it<\/a><br \/>\n<em>telefono<\/em> 0434 546811<br \/>\n<em>WhatsApp<\/em> 388 3994637<br \/>\n<em>Facebook<\/em> Caritas Concordia Pordenone<\/p>\n<p>&nbsp;<\/p>\n<hr class=\"wpba_attachment_hr\"><div id='wpba_attachment_list' class='wpba wpba-wrap'>\n<ul class='wpba-attachment-list unstyled'><li id='wpba_attachment_list_2810' class='wpba-list-item pull-left'><img src='https:\/\/diocesi.concordia-pordenone.it\/caritas\/wp-content\/themes\/wp-starter-so\/icons\/document.png' width='16' height='20' class='wpba-icon pull-left'><a href='https:\/\/diocesi.concordia-pordenone.it\/caritas\/wp-content\/uploads\/sites\/3\/2024\/02\/giovani_abitare-e-volontariato.pdf' title='scarica il volantino' class='wpba-link pull-left' target=\"_blank\">scarica il volantino<\/a><\/li>\n<\/ul><\/div>\n","protected":false},"excerpt":{"rendered":"<p>&nbsp; Un&#8217;opportunit\u00e0 per quattro giovani di vivere un\u2019esperienza di condivisione a Casa Madonna Pellegrina: \u00e8 il nuovo progetto della Caritas diocesana, rivolto a giovani tra i 18 e 28 anni. Presso Casa Madonna Pellegrina, a Pordenone, sono disponibili 4 posti letto (due camere doppie) con servizi e cucina in comune, a fronte di un contributo mensile da un minimo di 50\u20ac ad un massimo di &hellip; <a href=\"https:\/\/diocesi.concordia-pordenone.it\/caritas\/ospitalita-per-giovani-a-casa-madonna-pellegrina\/\" class=\"more-link\">Continue reading <span class=\"screen-reader-text\"><\/span> <span class=\"meta-nav\">&raquo;<\/span><\/a><\/p>\n","protected":false},"author":0,"featured_media":2811,"comment_status":"closed","ping_status":"closed","sticky":false,"template":"","format":"standard","meta":{"_acf_changed":false,"footnotes":""},"categories":[4],"tags":[],"class_list":["post-2809","post","type-post","status-publish","format-standard","has-post-thumbnail","hentry","category-news-in-primo-piano"],"acf":{"seed-localization-paese-cod":"","seed-localization-address":"","seed-localization-citta":"","seed-localization-regione-cod-istat":"","seed-localization-citta-cod-istat":"","seed-localization-localita":"","seed-localization-cap":"","seed-localization-geo":{"lat":41.9053433,"lng":12.5099945,"zoom":10,"markers":[],"address":"","layers":["OpenStreetMap.Mapnik"],"version":"1.5.6"},"seed-localization-marker-visibility":false,"seed-localization-children-visibility":false,"seed-localization-kml":"","seed-localization-custom-marker":""},"_links":{"self":[{"href":"https:\/\/diocesi.concordia-pordenone.it\/caritas\/wp-json\/wp\/v2\/posts\/2809","targetHints":{"allow":["GET"]}}],"collection":[{"href":"https:\/\/diocesi.concordia-pordenone.it\/caritas\/wp-json\/wp\/v2\/posts"}],"about":[{"href":"https:\/\/diocesi.concordia-pordenone.it\/caritas\/wp-json\/wp\/v2\/types\/post"}],"author":[{"embeddable":true,"href":"https:\/\/diocesi.concordia-pordenone.it\/caritas\/wp-json\/wp\/v2\/users\/3"}],"replies":[{"embeddable":true,"href":"https:\/\/diocesi.concordia-pordenone.it\/caritas\/wp-json\/wp\/v2\/comments?post=2809"}],"version-history":[{"count":9,"href":"https:\/\/diocesi.concordia-pordenone.it\/caritas\/wp-json\/wp\/v2\/posts\/2809\/revisions"}],"predecessor-version":[{"id":2949,"href":"https:\/\/diocesi.concordia-pordenone.it\/caritas\/wp-json\/wp\/v2\/posts\/2809\/revisions\/2949"}],"wp:featuredmedia":[{"embeddable":true,"href":"https:\/\/diocesi.concordia-pordenone.it\/caritas\/wp-json\/wp\/v2\/media\/2811"}],"wp:attachment":[{"href":"https:\/\/diocesi.concordia-pordenone.it\/caritas\/wp-json\/wp\/v2\/media?parent=2809"}],"wp:term":[{"taxonomy":"category","embeddable":true,"href":"https:\/\/diocesi.concordia-pordenone.it\/caritas\/wp-json\/wp\/v2\/categories?post=2809"},{"taxonomy":"post_tag","embeddable":true,"href":"https:\/\/diocesi.concordia-pordenone.it\/caritas\/wp-json\/wp\/v2\/tags?post=2809"}],"curies":[{"name":"wp","href":"https:\/\/api.w.org\/{rel}","templated":true}]}}