{"id":2912,"date":"2024-06-25T12:35:03","date_gmt":"2024-06-25T10:35:03","guid":{"rendered":"https:\/\/diocesi.concordia-pordenone.it\/caritas\/?p=2912"},"modified":"2024-07-02T15:46:09","modified_gmt":"2024-07-02T13:46:09","slug":"diversi-saporiti-nel-giardino-del-mondo","status":"publish","type":"post","link":"https:\/\/diocesi.concordia-pordenone.it\/caritas\/diversi-saporiti-nel-giardino-del-mondo\/","title":{"rendered":"Diversi &amp; Saporiti nel Giardino del Mondo"},"content":{"rendered":"<p>&nbsp;<\/p>\n<p>Torna il teatro nel nostro parco di Casa Madonna Pellegrina, quest&#8217;anno in una <strong>versione rinnovata<\/strong>: un gustoso mix di teatro e degustazioni tipiche.<\/p>\n<p>Al via venerd\u00ec 21 giugno la nona edizione della rassegna teatrale <strong>Teatri nel giardino del mondo<\/strong>, voluta da Fondazione Buon Samaritano Casa Madonna Pellegrina, Caritas diocesana e Cooperativa Nuovi Vicini, e sostenuta dal Comune di Pordenone, dalla Regione Friuli Venezia Giulia, dal Ministero dei beni e delle attivit\u00e0 culturali e del turismo e dalla Fondazione Friuli.<br \/>\nLa direzione artistica e organizzativa \u00e8 della Scuola Sperimentale dell\u2019Attore.<\/p>\n<p><strong>Per gli assaggi dei gusti e per il circoteatro \u00e8 obbligatoria la prenotazione<\/strong>:<\/p>\n<ul>\n<li><strong>PER I GUSTI<\/strong>: 351 8392425 &#8211; contact.hellequin@gmail.com<\/li>\n<li><strong>PER IL CIRCOTEATRO<\/strong>: 392 7342915<\/li>\n<\/ul>\n<p>Gli spettacoli si svolgono nel Parco di Casa Madonna Pellegrina (in caso di pioggia, salone interno).<\/p>\n<p>&nbsp;<\/p>\n<p><em><span style=\"color: #800000;\">Il programma della rassegna<\/span><\/em><br \/>\n<img loading=\"lazy\" decoding=\"async\" class=\"wp-image-2913 size-medium alignnone\" src=\"https:\/\/diocesi.concordia-pordenone.it\/caritas\/wp-content\/uploads\/sites\/3\/2024\/06\/Grandi_amici-300x227.jpg\" alt=\"\" width=\"300\" height=\"227\" srcset=\"https:\/\/diocesi.concordia-pordenone.it\/caritas\/wp-content\/uploads\/sites\/3\/2024\/06\/Grandi_amici-300x227.jpg 300w, https:\/\/diocesi.concordia-pordenone.it\/caritas\/wp-content\/uploads\/sites\/3\/2024\/06\/Grandi_amici-1024x776.jpg 1024w, https:\/\/diocesi.concordia-pordenone.it\/caritas\/wp-content\/uploads\/sites\/3\/2024\/06\/Grandi_amici-768x582.jpg 768w, https:\/\/diocesi.concordia-pordenone.it\/caritas\/wp-content\/uploads\/sites\/3\/2024\/06\/Grandi_amici-1536x1164.jpg 1536w, https:\/\/diocesi.concordia-pordenone.it\/caritas\/wp-content\/uploads\/sites\/3\/2024\/06\/Grandi_amici-600x455.jpg 600w, https:\/\/diocesi.concordia-pordenone.it\/caritas\/wp-content\/uploads\/sites\/3\/2024\/06\/Grandi_amici-1200x909.jpg 1200w, https:\/\/diocesi.concordia-pordenone.it\/caritas\/wp-content\/uploads\/sites\/3\/2024\/06\/Grandi_amici-800x606.jpg 800w, https:\/\/diocesi.concordia-pordenone.it\/caritas\/wp-content\/uploads\/sites\/3\/2024\/06\/Grandi_amici.jpg 1772w\" sizes=\"auto, (max-width: 300px) 100vw, 300px\" \/><\/p>\n<p><span style=\"color: #800000;\"><strong>VENERD\u00cc 21 GIUGNO<br \/>\n<span style=\"color: #008000;\">ore 19.00 &#8211; Marocco Typique<\/span><\/strong><span style=\"color: #000000;\">: batbout di verdure e cous cous di pollo<br \/>\n<span style=\"color: #993300;\"><strong><span style=\"color: #800000;\">ore 20.30 &#8211; Grandi amici<\/span><\/strong><\/span>, teatro<br \/>\nCompagnia Hellequin<strong><br \/>\n<\/strong><\/span><\/span><em>Spettacolo dedicato alla voglia di riempire le distanze, anche le pi\u00f9 difficili, dando loro un senso, nella direzione della comprensione dell\u2019altro e delle sue differenze<\/em><\/p>\n<p><span style=\"color: #800000;\">_____________________________________________________________________________<\/span><\/p>\n<p><img loading=\"lazy\" decoding=\"async\" class=\"wp-image-2915 size-medium alignnone\" src=\"https:\/\/diocesi.concordia-pordenone.it\/caritas\/wp-content\/uploads\/sites\/3\/2024\/06\/Paolino_spiriti-fiume-300x178.jpg\" alt=\"\" width=\"300\" height=\"178\" srcset=\"https:\/\/diocesi.concordia-pordenone.it\/caritas\/wp-content\/uploads\/sites\/3\/2024\/06\/Paolino_spiriti-fiume-300x178.jpg 300w, https:\/\/diocesi.concordia-pordenone.it\/caritas\/wp-content\/uploads\/sites\/3\/2024\/06\/Paolino_spiriti-fiume-1024x608.jpg 1024w, https:\/\/diocesi.concordia-pordenone.it\/caritas\/wp-content\/uploads\/sites\/3\/2024\/06\/Paolino_spiriti-fiume-768x456.jpg 768w, https:\/\/diocesi.concordia-pordenone.it\/caritas\/wp-content\/uploads\/sites\/3\/2024\/06\/Paolino_spiriti-fiume-600x356.jpg 600w, https:\/\/diocesi.concordia-pordenone.it\/caritas\/wp-content\/uploads\/sites\/3\/2024\/06\/Paolino_spiriti-fiume-1200x713.jpg 1200w, https:\/\/diocesi.concordia-pordenone.it\/caritas\/wp-content\/uploads\/sites\/3\/2024\/06\/Paolino_spiriti-fiume-800x475.jpg 800w, https:\/\/diocesi.concordia-pordenone.it\/caritas\/wp-content\/uploads\/sites\/3\/2024\/06\/Paolino_spiriti-fiume.jpg 1293w\" sizes=\"auto, (max-width: 300px) 100vw, 300px\" \/><\/p>\n<p><span style=\"color: #800000;\"><strong>VENERD\u00cc 28 GIUGNO<br \/>\n<span style=\"color: #008000;\">ore 19.00 &#8211; Niger Essential<\/span><\/strong><span style=\"color: #000000;\">: platano con salsa di melanzane e uova<br \/>\n<span style=\"color: #993300;\"><strong>ore 20.30 &#8211; Paolino e gli spiriti del fiume<\/strong><\/span>, burattini, marionette e attori<br \/>\nCompagnia Walter Broggini e Ortoteatro<strong><br \/>\n<\/strong><\/span><\/span><em>Una storia che intreccia un esperto pescatore, gli Spiriti del fiume, protettori delle sue acque e della natura, e chi questo fiume e questa natura non li rispetta<\/em><\/p>\n<p><span style=\"color: #800000;\">_____________________________________________________________________________<\/span><\/p>\n<p><img loading=\"lazy\" decoding=\"async\" class=\"wp-image-2914 size-medium alignnone\" src=\"https:\/\/diocesi.concordia-pordenone.it\/caritas\/wp-content\/uploads\/sites\/3\/2024\/06\/Circo_Patuf-300x169.jpg\" alt=\"\" width=\"300\" height=\"169\" srcset=\"https:\/\/diocesi.concordia-pordenone.it\/caritas\/wp-content\/uploads\/sites\/3\/2024\/06\/Circo_Patuf-300x169.jpg 300w, https:\/\/diocesi.concordia-pordenone.it\/caritas\/wp-content\/uploads\/sites\/3\/2024\/06\/Circo_Patuf-600x338.jpg 600w, https:\/\/diocesi.concordia-pordenone.it\/caritas\/wp-content\/uploads\/sites\/3\/2024\/06\/Circo_Patuf.jpg 640w\" sizes=\"auto, (max-width: 300px) 100vw, 300px\" \/><\/p>\n<div>\n<p><strong style=\"color: #800000; font-size: inherit;\">DAL 5 AL 14 LUGLIO<br \/>\n<\/strong><span style=\"color: #800000;\"><em>a fondo pagina il volantino con il calendario completo delle repliche<\/em><\/span><br \/>\n<span style=\"color: #800000;\"><strong>#378<\/strong><\/span>, circoteatro<strong><br \/>\n<\/strong>Circo Patuf<br \/>\n<strong>nel tendone allestito nel parco di Casa Madonna Pellegrina<\/strong><em><br \/>\n#378 \u00e8 un luogo segreto, un nascondiglio dove cercare frammenti di normalit\u00e0 lontano da una realt\u00e0 di conflitto<br \/>\n<\/em><\/p>\n<p>Serate con degustazioni:<\/p>\n<p><span style=\"color: #800000;\"><strong>VENERD\u00cc 5 LUGLIO<br \/>\n<span style=\"color: #008000;\">ore 19.00 <em>(prima dello spettacolo)<\/em> &#8211; Italia Fusion<\/span><\/strong><span style=\"color: #000000;\">: radicio e fasioi de Pordenon e pasta fredda siciliana<\/span><\/span><\/p>\n<p><span style=\"color: #800000;\"><strong>DOMENICA 14 LUGLIO<br \/>\n<span style=\"color: #008000;\">ore 19.30 <em>(dopo lo spettacolo)<\/em> &#8211; Pakistan Style<\/span><\/strong><span style=\"color: #000000;\">: riso byriani, pollo, spezie, yogurt e pomodoro<\/span><\/span><\/p>\n<p>&nbsp;<\/p>\n<\/div>\n<hr class=\"wpba_attachment_hr\"><div id='wpba_attachment_list' class='wpba wpba-wrap'>\n<ul class='wpba-attachment-list unstyled'><li id='wpba_attachment_list_2922' class='wpba-list-item pull-left'><img src='https:\/\/diocesi.concordia-pordenone.it\/caritas\/wp-content\/themes\/wp-starter-so\/icons\/document.png' width='16' height='20' class='wpba-icon pull-left'><a href='https:\/\/diocesi.concordia-pordenone.it\/caritas\/wp-content\/uploads\/sites\/3\/2024\/06\/TeatroGiardinoMondo2024_locandina.pdf' title='la locandina della rassegna' class='wpba-link pull-left' target=\"_blank\">la locandina della rassegna<\/a><\/li>\n<li id='wpba_attachment_list_2936' class='wpba-list-item pull-left'><img src='https:\/\/diocesi.concordia-pordenone.it\/caritas\/wp-content\/themes\/wp-starter-so\/icons\/document.png' width='16' height='20' class='wpba-icon pull-left'><a href='https:\/\/diocesi.concordia-pordenone.it\/caritas\/wp-content\/uploads\/sites\/3\/2024\/06\/volantino-Circo-Patuf.pdf' title='il volantino del Circo Patuf (elenco date spettacoli)' class='wpba-link pull-left' target=\"_blank\">il volantino del Circo Patuf (elenco date spettacoli)<\/a><\/li>\n<\/ul><\/div>\n","protected":false},"excerpt":{"rendered":"<p>&nbsp; Torna il teatro nel nostro parco di Casa Madonna Pellegrina, quest&#8217;anno in una versione rinnovata: un gustoso mix di teatro e degustazioni tipiche. Al via venerd\u00ec 21 giugno la nona edizione della rassegna teatrale Teatri nel giardino del mondo, voluta da Fondazione Buon Samaritano Casa Madonna Pellegrina, Caritas diocesana e Cooperativa Nuovi Vicini, e sostenuta dal Comune di Pordenone, dalla Regione Friuli Venezia Giulia, &hellip; <a href=\"https:\/\/diocesi.concordia-pordenone.it\/caritas\/diversi-saporiti-nel-giardino-del-mondo\/\" class=\"more-link\">Continue reading <span class=\"screen-reader-text\"><\/span> <span class=\"meta-nav\">&raquo;<\/span><\/a><\/p>\n","protected":false},"author":0,"featured_media":2918,"comment_status":"closed","ping_status":"closed","sticky":false,"template":"","format":"standard","meta":{"_acf_changed":false,"footnotes":""},"categories":[4],"tags":[],"class_list":["post-2912","post","type-post","status-publish","format-standard","has-post-thumbnail","hentry","category-news-in-primo-piano"],"acf":{"seed-localization-paese-cod":"","seed-localization-address":"","seed-localization-citta":"","seed-localization-regione-cod-istat":"","seed-localization-citta-cod-istat":"","seed-localization-localita":"","seed-localization-cap":"","seed-localization-geo":{"lat":41.9053433,"lng":12.5113678,"zoom":10,"markers":[],"address":"","layers":["OpenStreetMap.Mapnik"],"version":"1.5.6"},"seed-localization-marker-visibility":false,"seed-localization-children-visibility":false,"seed-localization-kml":"","seed-localization-custom-marker":""},"_links":{"self":[{"href":"https:\/\/diocesi.concordia-pordenone.it\/caritas\/wp-json\/wp\/v2\/posts\/2912","targetHints":{"allow":["GET"]}}],"collection":[{"href":"https:\/\/diocesi.concordia-pordenone.it\/caritas\/wp-json\/wp\/v2\/posts"}],"about":[{"href":"https:\/\/diocesi.concordia-pordenone.it\/caritas\/wp-json\/wp\/v2\/types\/post"}],"author":[{"embeddable":true,"href":"https:\/\/diocesi.concordia-pordenone.it\/caritas\/wp-json\/wp\/v2\/users\/3"}],"replies":[{"embeddable":true,"href":"https:\/\/diocesi.concordia-pordenone.it\/caritas\/wp-json\/wp\/v2\/comments?post=2912"}],"version-history":[{"count":9,"href":"https:\/\/diocesi.concordia-pordenone.it\/caritas\/wp-json\/wp\/v2\/posts\/2912\/revisions"}],"predecessor-version":[{"id":2923,"href":"https:\/\/diocesi.concordia-pordenone.it\/caritas\/wp-json\/wp\/v2\/posts\/2912\/revisions\/2923"}],"wp:featuredmedia":[{"embeddable":true,"href":"https:\/\/diocesi.concordia-pordenone.it\/caritas\/wp-json\/wp\/v2\/media\/2918"}],"wp:attachment":[{"href":"https:\/\/diocesi.concordia-pordenone.it\/caritas\/wp-json\/wp\/v2\/media?parent=2912"}],"wp:term":[{"taxonomy":"category","embeddable":true,"href":"https:\/\/diocesi.concordia-pordenone.it\/caritas\/wp-json\/wp\/v2\/categories?post=2912"},{"taxonomy":"post_tag","embeddable":true,"href":"https:\/\/diocesi.concordia-pordenone.it\/caritas\/wp-json\/wp\/v2\/tags?post=2912"}],"curies":[{"name":"wp","href":"https:\/\/api.w.org\/{rel}","templated":true}]}}