{"id":2942,"date":"2024-07-31T15:11:34","date_gmt":"2024-07-31T13:11:34","guid":{"rendered":"https:\/\/diocesi.concordia-pordenone.it\/caritas\/?p=2942"},"modified":"2024-12-02T17:34:49","modified_gmt":"2024-12-02T16:34:49","slug":"la-concordia-maggio-agosto-2024","status":"publish","type":"post","link":"https:\/\/diocesi.concordia-pordenone.it\/caritas\/la-concordia-maggio-agosto-2024\/","title":{"rendered":"La Concordia maggio\/agosto 2024"},"content":{"rendered":"<p>&nbsp;<\/p>\n<p>\u00c8 online il numero estivo de <em>La Concordia<\/em>.<br \/>\nIn questo numero, tra le varie notizie: l&#8217;editoriale del direttore, l&#8217;incontro ad Aquileia tra il Convegno nazionale Caritas e la Settimana Sociale nazionale, la Giornata Mondiale del Rifugiato, la rassegna estiva di teatro, il Servizio Civile.<\/p>\n<p><a href=\"https:\/\/diocesi.concordia-pordenone.it\/caritas\/wp-content\/uploads\/sites\/3\/2024\/07\/concordia-2_2024.pdf\" target=\"_blank\" rel=\"noopener\">Scarica il pdf<\/a><\/p>\n<p><em>\u201cLa Concordia\u201d \u00e8 una rivista quadrimestrale che fa conoscere il mondo della Caritas diocesana, i progetti e le azioni intraprese, i corsi di formazione, e d\u00e0 un\u2019informazione sulle attivit\u00e0 delle Caritas parrocchiali e delle realt\u00e0 che collaborano con la Caritas diocesana. \u00c8 uno strumento per far circolare le notizie in modo capillare, nelle famiglie come nelle comunit\u00e0 parrocchiali.<\/em><\/p>\n<p><a href=\"https:\/\/diocesi.concordia-pordenone.it\/caritas\/rivista-periodica-la-concordia\/\" target=\"_blank\" rel=\"noopener\">Vai all&#8217;archivio completo<\/a><\/p>\n","protected":false},"excerpt":{"rendered":"<p>&nbsp; \u00c8 online il numero estivo de La Concordia. In questo numero, tra le varie notizie: l&#8217;editoriale del direttore, l&#8217;incontro ad Aquileia tra il Convegno nazionale Caritas e la Settimana Sociale nazionale, la Giornata Mondiale del Rifugiato, la rassegna estiva di teatro, il Servizio Civile. Scarica il pdf \u201cLa Concordia\u201d \u00e8 una rivista quadrimestrale che fa conoscere il mondo della Caritas diocesana, i progetti e &hellip; <a href=\"https:\/\/diocesi.concordia-pordenone.it\/caritas\/la-concordia-maggio-agosto-2024\/\" class=\"more-link\">Continue reading <span class=\"screen-reader-text\"><\/span> <span class=\"meta-nav\">&raquo;<\/span><\/a><\/p>\n","protected":false},"author":0,"featured_media":2953,"comment_status":"closed","ping_status":"closed","sticky":false,"template":"","format":"standard","meta":{"_acf_changed":false,"footnotes":""},"categories":[5],"tags":[],"class_list":["post-2942","post","type-post","status-publish","format-standard","has-post-thumbnail","hentry","category-altre-news"],"acf":{"seed-localization-paese-cod":"","seed-localization-address":"","seed-localization-citta":"","seed-localization-regione-cod-istat":"","seed-localization-citta-cod-istat":"","seed-localization-localita":"","seed-localization-cap":"","seed-localization-geo":{"lat":41.9053433,"lng":12.5113678,"zoom":10,"markers":[],"address":"","layers":["OpenStreetMap.Mapnik"],"version":"1.5.6"},"seed-localization-marker-visibility":false,"seed-localization-children-visibility":false,"seed-localization-kml":"","seed-localization-custom-marker":""},"_links":{"self":[{"href":"https:\/\/diocesi.concordia-pordenone.it\/caritas\/wp-json\/wp\/v2\/posts\/2942","targetHints":{"allow":["GET"]}}],"collection":[{"href":"https:\/\/diocesi.concordia-pordenone.it\/caritas\/wp-json\/wp\/v2\/posts"}],"about":[{"href":"https:\/\/diocesi.concordia-pordenone.it\/caritas\/wp-json\/wp\/v2\/types\/post"}],"author":[{"embeddable":true,"href":"https:\/\/diocesi.concordia-pordenone.it\/caritas\/wp-json\/wp\/v2\/users\/3"}],"replies":[{"embeddable":true,"href":"https:\/\/diocesi.concordia-pordenone.it\/caritas\/wp-json\/wp\/v2\/comments?post=2942"}],"version-history":[{"count":6,"href":"https:\/\/diocesi.concordia-pordenone.it\/caritas\/wp-json\/wp\/v2\/posts\/2942\/revisions"}],"predecessor-version":[{"id":3018,"href":"https:\/\/diocesi.concordia-pordenone.it\/caritas\/wp-json\/wp\/v2\/posts\/2942\/revisions\/3018"}],"wp:featuredmedia":[{"embeddable":true,"href":"https:\/\/diocesi.concordia-pordenone.it\/caritas\/wp-json\/wp\/v2\/media\/2953"}],"wp:attachment":[{"href":"https:\/\/diocesi.concordia-pordenone.it\/caritas\/wp-json\/wp\/v2\/media?parent=2942"}],"wp:term":[{"taxonomy":"category","embeddable":true,"href":"https:\/\/diocesi.concordia-pordenone.it\/caritas\/wp-json\/wp\/v2\/categories?post=2942"},{"taxonomy":"post_tag","embeddable":true,"href":"https:\/\/diocesi.concordia-pordenone.it\/caritas\/wp-json\/wp\/v2\/tags?post=2942"}],"curies":[{"name":"wp","href":"https:\/\/api.w.org\/{rel}","templated":true}]}}