{"id":3006,"date":"2024-11-27T15:45:44","date_gmt":"2024-11-27T14:45:44","guid":{"rendered":"https:\/\/diocesi.concordia-pordenone.it\/caritas\/iniziative-caritas-avvento-2024\/"},"modified":"2024-11-27T15:51:53","modified_gmt":"2024-11-27T14:51:53","slug":"iniziative-caritas-avvento-2024","status":"publish","type":"post","link":"https:\/\/diocesi.concordia-pordenone.it\/caritas\/iniziative-caritas-avvento-2024\/","title":{"rendered":"INIZIATIVE CARITAS AVVENTO 2024"},"content":{"rendered":"<div id=\"divtagdefaultwrapper\">\n<div id=\"divtagdefaultwrapper\">\n<div id=\"divtagdefaultwrapper\">\n<div>\n<div id=\"divtagdefaultwrapper\">\n<div>\n<div>\n<div>\n<div>Per il tempo dell&#8217;Avvento 2024,la Caritas Diocesana invita la comunit\u00e0 diocesana e le parrocchie a compiere gesti di solidariet\u00e0 e vicinanza, per vivere con pi\u00f9 intensit\u00e0 questo tempo di attesa nella speranza.<\/div>\n<div>\n<div id=\"divtagdefaultwrapper\">\n<p>&nbsp;<\/p>\n<h4>PER QUALSIASI DISPONIBILIT\u00c0 O INFORMAZIONE<\/h4>\n<\/div>\n<div>CONTATTARE:<br \/>\nCaritas Diocesana 0434\/546811<br \/>\n<a href=\"mailto:caritas@diocesiconcordiapordenone.it\">caritas@diocesiconcordiapordenone.it<\/a><\/div>\n<\/div>\n<div><\/div>\n<\/div>\n<\/div>\n<div><\/div>\n<\/div>\n<h3>NATALE INSIEME<\/h3>\n<div>Quest\u2019anno riproponiamo NATALE INSIEME, un\u2019iniziativa che offre l\u2019opportunit\u00e0 a persone e famiglie di ogni nazionalit\u00e0, religione e cultura di ritrovarsi il giorno di Natale per un pranzo condiviso e un pomeriggio di amicizia insieme.<\/div>\n<div>\u00c8 possibile promuovere l\u2019iniziativa:<\/div>\n<div>1. Invitando persone sole o chiunque voglia condividere questa giornata di festa.<\/div>\n<div>2. Coinvolgere nuovi volontari, che diano una mano nell\u2019organizzazione, sia nei giorni precedenti sia nella giornata di Natale.<\/div>\n<div>3. Sostenere con un\u2019offerta<\/div>\n<div>4. Contattare negozianti sensibili e disponibili a sponsorizzare la giornata.<\/div>\n<div><\/div>\n<div><\/div>\n<div>\n<h3>AMBITO CASA<\/h3>\n<div>Con una donazione di 5 euro puoi garantire un pasto completo, mentre con 20 coprire il costo notte in dormitorio. Oggi, anche nel nostro territorio, sempre pi\u00f9 persone faticano a trovare una casa a prezzi accessibili o vivono in precarie condizione abitative. Molte Caritas parrocchiali intervengono attraverso aiuti economici anche per il pagamento di bollette, spese condominiali e canoni di locazione. Nel2023 attraverso il Fondo Diocesano di solidariet\u00e0 sono stati erogati contributi per oltre 83.000 euro a copertura di spese relative alla gestione della casa. Contribuisci anche tu attraverso una donazione alla tua parrocchia o alla Caritas Diocesana per offrire una risposta concreta all\u2019emergenza abitativa.<\/div>\n<div><\/div>\n<\/div>\n<div><\/div>\n<h3>AMBITO GRAVE MARGINALIT\u00c0<\/h3>\n<div>Anche nel nostro territorio aumenta il numero di persone che vivono in condizioni di grave emarginazione. Nel 2023, la Caritas Diocesana ha accolto 60 persone senza fissa dimora, a cui si aggiungono coloro che sono stati accolti durante l\u2019emergenza freddo.<\/div>\n<div><\/div>\n<div><strong>Abbiamo bisogno del tuo aiuto per poter continuare a offrire pasti caldi e un luogo accogliente dove trascorrere la notte.\u00a0<\/strong><\/div>\n<div><strong>Con una donazione di 5 euro puoi garantire un pasto completo, mentre con 20 euro puoi coprire il costo di una notte in dormitorio.<\/strong><\/div>\n<div><\/div>\n<div><\/div>\n<h3>AMBITO MONDIALIT\u00c0<\/h3>\n<div>La nostra Diocesi, tramite l&#8217;Ufficio Missionario e la Caritas, sostiene diverse iniziative e progetti attraverso i sostegni a distanza. In questo Avvento, vi invitiamo a contribuire a favore dei progetti promossi dalla Caritas di Valjevo in Serbia, con la quale abbiamo instaurato un gemellaggio dieci anni fa, subito dopo il conflitto nei Balcani.<\/div>\n<div><\/div>\n<div><\/div>\n<\/div>\n<\/div>\n<\/div>\n<div>\n<p><span style=\"color: inherit; font-size: 1.9375rem;\">PER OFFERTE<\/span><\/p>\n<div>FONDAZIONE BUON SAMARITANO<\/div>\n<div>CASA MADONNA PELLEGRINA<\/div>\n<div>Via Madonna Pellegrina 11<\/div>\n<div>Banca Credito Cooperativo Pordenonese<\/div>\n<div>IBAN IT90V0835612502000000087637<\/div>\n<\/div>\n<\/div>\n<\/div>\n<hr class=\"wpba_attachment_hr\"><div id='wpba_attachment_list' class='wpba wpba-wrap'>\n<ul class='wpba-attachment-list unstyled'><li id='wpba_attachment_list_3007' class='wpba-list-item pull-left'><img src='https:\/\/diocesi.concordia-pordenone.it\/caritas\/wp-content\/themes\/wp-starter-so\/icons\/document.png' width='16' height='20' class='wpba-icon pull-left'><a href='https:\/\/diocesi.concordia-pordenone.it\/caritas\/wp-content\/uploads\/sites\/3\/2024\/11\/Iniziative-Avvento-2024.pdf' title='Iniziative Avvento 2024' class='wpba-link pull-left' target=\"_blank\">Iniziative Avvento 2024<\/a><\/li>\n<\/ul><\/div>\n","protected":false},"excerpt":{"rendered":"<p>Per il tempo dell&#8217;Avvento 2024,la Caritas Diocesana invita la comunit\u00e0 diocesana e le parrocchie a compiere gesti di solidariet\u00e0 e vicinanza, per vivere con pi\u00f9 intensit\u00e0 questo tempo di attesa nella speranza. &nbsp; PER QUALSIASI DISPONIBILIT\u00c0 O INFORMAZIONE CONTATTARE: Caritas Diocesana 0434\/546811 caritas@diocesiconcordiapordenone.it NATALE INSIEME Quest\u2019anno riproponiamo NATALE INSIEME, un\u2019iniziativa che offre l\u2019opportunit\u00e0 a persone e famiglie di ogni nazionalit\u00e0, religione e cultura di ritrovarsi &hellip; <a href=\"https:\/\/diocesi.concordia-pordenone.it\/caritas\/iniziative-caritas-avvento-2024\/\" class=\"more-link\">Continue reading <span class=\"screen-reader-text\"><\/span> <span class=\"meta-nav\">&raquo;<\/span><\/a><\/p>\n","protected":false},"author":0,"featured_media":3008,"comment_status":"closed","ping_status":"closed","sticky":false,"template":"","format":"standard","meta":{"_acf_changed":false,"footnotes":""},"categories":[4],"tags":[198,199,200,201],"class_list":["post-3006","post","type-post","status-publish","format-standard","has-post-thumbnail","hentry","category-news-in-primo-piano","tag-caritas","tag-emergenza","tag-freddo","tag-natale-insieme"],"acf":{"seed-localization-paese-cod":"IT","seed-localization-address":"","seed-localization-citta":"Pordenone","seed-localization-regione-cod-istat":"06","seed-localization-citta-cod-istat":"093033","seed-localization-localita":"","seed-localization-cap":"","seed-localization-geo":{"lat":41.9053433,"lng":12.5113678,"zoom":10,"markers":[],"address":"","layers":["OpenStreetMap.Mapnik"],"version":"1.5.6"},"seed-localization-marker-visibility":false,"seed-localization-children-visibility":false,"seed-localization-kml":"","seed-localization-custom-marker":""},"_links":{"self":[{"href":"https:\/\/diocesi.concordia-pordenone.it\/caritas\/wp-json\/wp\/v2\/posts\/3006","targetHints":{"allow":["GET"]}}],"collection":[{"href":"https:\/\/diocesi.concordia-pordenone.it\/caritas\/wp-json\/wp\/v2\/posts"}],"about":[{"href":"https:\/\/diocesi.concordia-pordenone.it\/caritas\/wp-json\/wp\/v2\/types\/post"}],"author":[{"embeddable":true,"href":"https:\/\/diocesi.concordia-pordenone.it\/caritas\/wp-json\/wp\/v2\/users\/5"}],"replies":[{"embeddable":true,"href":"https:\/\/diocesi.concordia-pordenone.it\/caritas\/wp-json\/wp\/v2\/comments?post=3006"}],"version-history":[{"count":2,"href":"https:\/\/diocesi.concordia-pordenone.it\/caritas\/wp-json\/wp\/v2\/posts\/3006\/revisions"}],"predecessor-version":[{"id":3010,"href":"https:\/\/diocesi.concordia-pordenone.it\/caritas\/wp-json\/wp\/v2\/posts\/3006\/revisions\/3010"}],"wp:featuredmedia":[{"embeddable":true,"href":"https:\/\/diocesi.concordia-pordenone.it\/caritas\/wp-json\/wp\/v2\/media\/3008"}],"wp:attachment":[{"href":"https:\/\/diocesi.concordia-pordenone.it\/caritas\/wp-json\/wp\/v2\/media?parent=3006"}],"wp:term":[{"taxonomy":"category","embeddable":true,"href":"https:\/\/diocesi.concordia-pordenone.it\/caritas\/wp-json\/wp\/v2\/categories?post=3006"},{"taxonomy":"post_tag","embeddable":true,"href":"https:\/\/diocesi.concordia-pordenone.it\/caritas\/wp-json\/wp\/v2\/tags?post=3006"}],"curies":[{"name":"wp","href":"https:\/\/api.w.org\/{rel}","templated":true}]}}