{"id":3014,"date":"2024-12-02T17:32:45","date_gmt":"2024-12-02T16:32:45","guid":{"rendered":"https:\/\/diocesi.concordia-pordenone.it\/caritas\/?p=3014"},"modified":"2024-12-03T08:51:05","modified_gmt":"2024-12-03T07:51:05","slug":"la-concordia-settembre-dicembre-2024","status":"publish","type":"post","link":"https:\/\/diocesi.concordia-pordenone.it\/caritas\/la-concordia-settembre-dicembre-2024\/","title":{"rendered":"La Concordia settembre\/dicembre 2024"},"content":{"rendered":"<p>&nbsp;<\/p>\n<p>\u00c8 online il numero natalizio de <em>La Concordia<\/em>.<br \/>\nIn questo numero, tra le varie notizie: gli auguri del vescovo, i progetti dell&#8217;Avvento, il Convegno delle Caritas parrocchiali, il viaggio in Serbia, Gli occhi dell&#8217;Africa, l&#8217;esperienza in Tanzania e il convegno dei giovani a Roma.<\/p>\n<p><a href=\"https:\/\/diocesi.concordia-pordenone.it\/caritas\/wp-content\/uploads\/sites\/3\/2024\/12\/La-Concordia-2024-3.pdf\" target=\"_blank\" rel=\"noopener\">Scarica il pdf<\/a><\/p>\n<p><em>\u201cLa Concordia\u201d \u00e8 una rivista quadrimestrale che fa conoscere il mondo della Caritas diocesana, i progetti e le azioni intraprese, i corsi di formazione, e d\u00e0 un\u2019informazione sulle attivit\u00e0 delle Caritas parrocchiali e delle realt\u00e0 che collaborano con la Caritas diocesana. \u00c8 uno strumento per far circolare le notizie in modo capillare, nelle famiglie come nelle comunit\u00e0 parrocchiali.<\/em><\/p>\n<p><a href=\"https:\/\/diocesi.concordia-pordenone.it\/caritas\/rivista-periodica-la-concordia\/\" target=\"_blank\" rel=\"noopener\">Vai all&#8217;archivio completo<\/a><\/p>\n","protected":false},"excerpt":{"rendered":"<p>&nbsp; \u00c8 online il numero natalizio de La Concordia. In questo numero, tra le varie notizie: gli auguri del vescovo, i progetti dell&#8217;Avvento, il Convegno delle Caritas parrocchiali, il viaggio in Serbia, Gli occhi dell&#8217;Africa, l&#8217;esperienza in Tanzania e il convegno dei giovani a Roma. Scarica il pdf \u201cLa Concordia\u201d \u00e8 una rivista quadrimestrale che fa conoscere il mondo della Caritas diocesana, i progetti e &hellip; <a href=\"https:\/\/diocesi.concordia-pordenone.it\/caritas\/la-concordia-settembre-dicembre-2024\/\" class=\"more-link\">Continue reading <span class=\"screen-reader-text\"><\/span> <span class=\"meta-nav\">&raquo;<\/span><\/a><\/p>\n","protected":false},"author":0,"featured_media":3012,"comment_status":"closed","ping_status":"closed","sticky":false,"template":"","format":"standard","meta":{"_acf_changed":false,"footnotes":""},"categories":[4],"tags":[],"class_list":["post-3014","post","type-post","status-publish","format-standard","has-post-thumbnail","hentry","category-news-in-primo-piano"],"acf":{"seed-localization-paese-cod":"","seed-localization-address":"","seed-localization-citta":"","seed-localization-regione-cod-istat":"","seed-localization-citta-cod-istat":"","seed-localization-localita":"","seed-localization-cap":"","seed-localization-geo":{"lat":41.9053433,"lng":12.5113678,"zoom":10,"markers":[],"address":"","layers":["OpenStreetMap.Mapnik"],"version":"1.5.6"},"seed-localization-marker-visibility":false,"seed-localization-children-visibility":false,"seed-localization-kml":"","seed-localization-custom-marker":""},"_links":{"self":[{"href":"https:\/\/diocesi.concordia-pordenone.it\/caritas\/wp-json\/wp\/v2\/posts\/3014","targetHints":{"allow":["GET"]}}],"collection":[{"href":"https:\/\/diocesi.concordia-pordenone.it\/caritas\/wp-json\/wp\/v2\/posts"}],"about":[{"href":"https:\/\/diocesi.concordia-pordenone.it\/caritas\/wp-json\/wp\/v2\/types\/post"}],"author":[{"embeddable":true,"href":"https:\/\/diocesi.concordia-pordenone.it\/caritas\/wp-json\/wp\/v2\/users\/3"}],"replies":[{"embeddable":true,"href":"https:\/\/diocesi.concordia-pordenone.it\/caritas\/wp-json\/wp\/v2\/comments?post=3014"}],"version-history":[{"count":4,"href":"https:\/\/diocesi.concordia-pordenone.it\/caritas\/wp-json\/wp\/v2\/posts\/3014\/revisions"}],"predecessor-version":[{"id":3022,"href":"https:\/\/diocesi.concordia-pordenone.it\/caritas\/wp-json\/wp\/v2\/posts\/3014\/revisions\/3022"}],"wp:featuredmedia":[{"embeddable":true,"href":"https:\/\/diocesi.concordia-pordenone.it\/caritas\/wp-json\/wp\/v2\/media\/3012"}],"wp:attachment":[{"href":"https:\/\/diocesi.concordia-pordenone.it\/caritas\/wp-json\/wp\/v2\/media?parent=3014"}],"wp:term":[{"taxonomy":"category","embeddable":true,"href":"https:\/\/diocesi.concordia-pordenone.it\/caritas\/wp-json\/wp\/v2\/categories?post=3014"},{"taxonomy":"post_tag","embeddable":true,"href":"https:\/\/diocesi.concordia-pordenone.it\/caritas\/wp-json\/wp\/v2\/tags?post=3014"}],"curies":[{"name":"wp","href":"https:\/\/api.w.org\/{rel}","templated":true}]}}