{"id":3024,"date":"2024-12-19T13:00:33","date_gmt":"2024-12-19T12:00:33","guid":{"rendered":"https:\/\/diocesi.concordia-pordenone.it\/caritas\/58-giornata-mondiale-per-la-pace\/"},"modified":"2025-01-15T14:55:13","modified_gmt":"2025-01-15T13:55:13","slug":"58-giornata-mondiale-per-la-pace","status":"publish","type":"post","link":"https:\/\/diocesi.concordia-pordenone.it\/caritas\/58-giornata-mondiale-per-la-pace\/","title":{"rendered":"58^ Giornata Mondiale per la Pace"},"content":{"rendered":"<p><strong>RIMETTI A NOI I NOSTRI DEBITI: CONCEDICI LA TUA PACE<\/strong><\/p>\n<p>&nbsp;<\/p>\n<p><em>Le iniziative in diocesi<\/em><\/p>\n<p>&nbsp;<\/p>\n<h3><span style=\"color: #ff0000;\"><strong>Incontro in preparazione alla distribuzione della <\/strong><\/span><span style=\"color: #ff0000;\"><strong>Luce della Pace<\/strong><\/span><\/h3>\n<h4><strong>domenica 15 dicembre 2024 &#8211; ore 16.00<\/strong><\/h4>\n<p><strong>Sala Cinema Castello &#8211; Spilimbergo (PN)<\/strong><\/p>\n<h4><span style=\"color: #ff0000;\"><strong>Incontro con la biblista Rosanna Virgili<\/strong><\/span><\/h4>\n<p>_____________________________________________________________________________________________________<\/p>\n<h3><span style=\"color: #ff0000;\"><strong>Distribuzione della Luce della Pace<\/strong><\/span><\/h3>\n<h4><strong>sabato 21 dicembre 2024<\/strong><\/h4>\n<p>La luce viene distribuita ad opera degli scout.<\/p>\n<p>Gli interessati possono raggiungere sabato 21 dicembre le seguenti <strong>stazioni ferroviarie<\/strong> con una candela o con una lampada ad olio, da accendere con la Luce della Pace:<\/p>\n<ul>\n<li>a Portogruaro-Caorle, ore 8.32<\/li>\n<li>a Sacile, ore 15.02<\/li>\n<li>a Pordenone, ore 15.13<\/li>\n<li>a Casarsa, ore 15.25<\/li>\n<\/ul>\n<p>Altri appuntamenti per accendere la Luce della Pace sono:<\/p>\n<ul>\n<li>in Piazzetta Cavour a Pordenone, ore 16.30<\/li>\n<li>durante la S.S. Messa a Spilimbergo, nella chiesa di SS Giuseppe e Pantaleone, ore 18.30<\/li>\n<li>nell\u2019oratorio di San Vito al Tagliamento, ore 17.00<\/li>\n<\/ul>\n<p>&nbsp;<\/p>\n<p><strong>Segnaliamo in particolare l&#8217;iniziativa \u201cUna luce per la Pace: giovani in cammino insieme\u201d, <span style=\"font-size: inherit;\">in Piazzetta Cavour a Pordenone, ore 16.30<\/span><\/strong><\/p>\n<p>La Pastorale Adolescenti e Giovani della Diocesi Concordia-Pordenone \u00e8 felice di invitarci insieme ai nostri giovani e adolescenti alla manifestazione per la pace. L&#8217;evento, aperto a tutti, \u00e8 stato pensato e organizzato insieme dai giovani delle religioni e confessioni cristiane presenti nel nostro territorio, oltre che essere sostenuto dalle associazioni cattoliche e dalla Commissione Diocesana per l\u2019Ecumenismo e il Dialogo Interreligioso.<br \/>\nIl corteo partir\u00e0 alle ore 16.30 da Piazza Cavour e, passando per Piazza XX Settembre e Piazza della Motta, arriver\u00e0 fin davanti alla Loggia Comunale, dove verr\u00e0 letto l&#8217;elenco delle guerre e dei conflitti presenti nel mondo e verranno recitate delle invocazioni di pace e perdono delle varie religioni.<br \/>\nAl termine della manifestazione, che durer\u00e0 al massimo un&#8217;ora e che vedr\u00e0 la presenza di autorit\u00e0 civili e degli amministratori locali, oltre che del Vescovo, ci sar\u00e0 la possibilit\u00e0 di portarsi a casa la Luce di Betlemme.<\/p>\n<p><a href=\"https:\/\/diocesi.concordia-pordenone.it\/sociale\/wp-content\/uploads\/sites\/8\/2024\/12\/locandina_Una-luce-per-la-pace_PN.pdf\" target=\"_blank\" rel=\"noopener\">Scarica la locandina di questa iniziativa specifica<\/a><\/p>\n<p>_____________________________________________________________________________________________________<\/p>\n<h4><span style=\"color: #ff0000;\"><strong>Messa per la Pace<\/strong><\/span><\/h4>\n<h4><strong>1 gennaio 2025 &#8211; ore 16.00<\/strong><\/h4>\n<p><strong>Santuario diocesano della Madonna del Monte di Marsure (Aviano)<\/strong><br \/>\nPresiede il <strong>Vescovo mons. Giuseppe Pellegrini<\/strong><\/p>\n<p>La celebrazione ha da sempre come guida il messaggio del Santo Padre, che quest\u2019anno si intitola: <em>Rimetti a noi i nostri debiti: concedici la tua pace<\/em>.<\/p>\n<p>La Messa \u00e8 preceduta dal <span style=\"color: #ff0000;\"><strong>pellegrinaggio giubilare sulla via di Maria<\/strong><\/span>, alle <strong>ore 15.00<\/strong>.<\/p>\n<p><a href=\"https:\/\/diocesi.concordia-pordenone.it\/sociale\/wp-content\/uploads\/sites\/8\/2024\/12\/libretto-celebrazione_giornata-mondiale-pace-2025.pdf\" target=\"_blank\" rel=\"noopener\">Scarica il libretto della celebrazione<\/a><\/p>\n<p>&nbsp;<\/p>\n<p><em>Organizzazione a cura della Commissione diocesana per la Pastorale Sociale e del Lavoro, Giustizia e Pace, Custodia del Creato, in collaborazione con la Caritas diocesana, l&#8217;Azione Cattolica diocesana, l&#8217;AGESCI delle zone Pordenone e Tagliamento, le ACLI sede provinciale di Pordenone, Pax Christi Friuli Venezia Giulia e il circolo Laudato Sii di Aviano.<\/em><\/p>\n<hr class=\"wpba_attachment_hr\"><div id='wpba_attachment_list' class='wpba wpba-wrap'>\n<ul class='wpba-attachment-list unstyled'><li id='wpba_attachment_list_3031' class='wpba-list-item pull-left'><img src='https:\/\/diocesi.concordia-pordenone.it\/caritas\/wp-content\/themes\/wp-starter-so\/icons\/document.png' width='16' height='20' class='wpba-icon pull-left'><a href='https:\/\/diocesi.concordia-pordenone.it\/caritas\/wp-content\/uploads\/sites\/3\/2024\/12\/locandina_Una-luce-per-la-pace_PN.pdf' title='Scarica la locandina di questa iniziativa specifica' class='wpba-link pull-left' target=\"_blank\">Scarica la locandina di questa iniziativa specifica<\/a><\/li>\n<li id='wpba_attachment_list_3088' class='wpba-list-item pull-left'><img src='https:\/\/diocesi.concordia-pordenone.it\/caritas\/wp-content\/themes\/wp-starter-so\/icons\/document.png' width='16' height='20' class='wpba-icon pull-left'><a href='https:\/\/diocesi.concordia-pordenone.it\/caritas\/wp-content\/uploads\/sites\/3\/2025\/01\/libretto-celebrazione_giornata-mondiale-pace-2025.pdf' title='Scarica il libretto della celebrazione' class='wpba-link pull-left' target=\"_blank\">Scarica il libretto della celebrazione<\/a><\/li>\n<li id='wpba_attachment_list_3027' class='wpba-list-item pull-left'><img src='https:\/\/diocesi.concordia-pordenone.it\/caritas\/wp-content\/themes\/wp-starter-so\/icons\/document.png' width='16' height='20' class='wpba-icon pull-left'><a href='https:\/\/diocesi.concordia-pordenone.it\/caritas\/wp-content\/uploads\/sites\/3\/2024\/12\/locandina-Luce-Betlemme-21_12_2024.pdf' title='la locandina della Luce della Pace' class='wpba-link pull-left' target=\"_blank\">la locandina della Luce della Pace<\/a><\/li>\n<li id='wpba_attachment_list_3026' class='wpba-list-item pull-left'><img src='https:\/\/diocesi.concordia-pordenone.it\/caritas\/wp-content\/themes\/wp-starter-so\/icons\/document.png' width='16' height='20' class='wpba-icon pull-left'><a href='https:\/\/diocesi.concordia-pordenone.it\/caritas\/wp-content\/uploads\/sites\/3\/2024\/12\/locandina-giornata-mondiale-pace-2025.pdf' title='la locandina della Giornata Mondiale per la Pace 2025' class='wpba-link pull-left' target=\"_blank\">la locandina della Giornata Mondiale per la Pace 2025<\/a><\/li>\n<li id='wpba_attachment_list_3025' class='wpba-list-item pull-left'><img src='https:\/\/diocesi.concordia-pordenone.it\/caritas\/wp-content\/themes\/wp-starter-so\/icons\/document.png' width='16' height='20' class='wpba-icon pull-left'><a href='https:\/\/diocesi.concordia-pordenone.it\/caritas\/wp-content\/uploads\/sites\/3\/2024\/12\/messaggio-giornata-mondiale-pace-2025.pdf' title='il messaggio del papa per la 58^ Giornata Mondiale per la Pace' class='wpba-link pull-left' target=\"_blank\">il messaggio del papa per la 58^ Giornata Mondiale per la Pace<\/a><\/li>\n<\/ul><\/div>\n","protected":false},"excerpt":{"rendered":"<p>RIMETTI A NOI I NOSTRI DEBITI: CONCEDICI LA TUA PACE &nbsp; Le iniziative in diocesi &nbsp; Incontro in preparazione alla distribuzione della Luce della Pace domenica 15 dicembre 2024 &#8211; ore 16.00 Sala Cinema Castello &#8211; Spilimbergo (PN) Incontro con la biblista Rosanna Virgili _____________________________________________________________________________________________________ Distribuzione della Luce della Pace sabato 21 dicembre 2024 La luce viene distribuita ad opera degli scout. Gli interessati possono &hellip; <a href=\"https:\/\/diocesi.concordia-pordenone.it\/caritas\/58-giornata-mondiale-per-la-pace\/\" class=\"more-link\">Continue reading <span class=\"screen-reader-text\"><\/span> <span class=\"meta-nav\">&raquo;<\/span><\/a><\/p>\n","protected":false},"author":0,"featured_media":3028,"comment_status":"closed","ping_status":"closed","sticky":false,"template":"","format":"standard","meta":{"_acf_changed":false,"footnotes":""},"categories":[4],"tags":[],"class_list":["post-3024","post","type-post","status-publish","format-standard","has-post-thumbnail","hentry","category-news-in-primo-piano"],"acf":{"seed-localization-paese-cod":"","seed-localization-address":"","seed-localization-citta":"","seed-localization-regione-cod-istat":"","seed-localization-citta-cod-istat":"","seed-localization-localita":"","seed-localization-cap":"","seed-localization-geo":{"lat":41.9053433,"lng":12.5113678,"zoom":10,"markers":[],"address":"","layers":["OpenStreetMap.Mapnik"],"version":"1.5.6"},"seed-localization-marker-visibility":false,"seed-localization-children-visibility":false,"seed-localization-kml":"","seed-localization-custom-marker":""},"_links":{"self":[{"href":"https:\/\/diocesi.concordia-pordenone.it\/caritas\/wp-json\/wp\/v2\/posts\/3024","targetHints":{"allow":["GET"]}}],"collection":[{"href":"https:\/\/diocesi.concordia-pordenone.it\/caritas\/wp-json\/wp\/v2\/posts"}],"about":[{"href":"https:\/\/diocesi.concordia-pordenone.it\/caritas\/wp-json\/wp\/v2\/types\/post"}],"author":[{"embeddable":true,"href":"https:\/\/diocesi.concordia-pordenone.it\/caritas\/wp-json\/wp\/v2\/users\/3"}],"replies":[{"embeddable":true,"href":"https:\/\/diocesi.concordia-pordenone.it\/caritas\/wp-json\/wp\/v2\/comments?post=3024"}],"version-history":[{"count":9,"href":"https:\/\/diocesi.concordia-pordenone.it\/caritas\/wp-json\/wp\/v2\/posts\/3024\/revisions"}],"predecessor-version":[{"id":3090,"href":"https:\/\/diocesi.concordia-pordenone.it\/caritas\/wp-json\/wp\/v2\/posts\/3024\/revisions\/3090"}],"wp:featuredmedia":[{"embeddable":true,"href":"https:\/\/diocesi.concordia-pordenone.it\/caritas\/wp-json\/wp\/v2\/media\/3028"}],"wp:attachment":[{"href":"https:\/\/diocesi.concordia-pordenone.it\/caritas\/wp-json\/wp\/v2\/media?parent=3024"}],"wp:term":[{"taxonomy":"category","embeddable":true,"href":"https:\/\/diocesi.concordia-pordenone.it\/caritas\/wp-json\/wp\/v2\/categories?post=3024"},{"taxonomy":"post_tag","embeddable":true,"href":"https:\/\/diocesi.concordia-pordenone.it\/caritas\/wp-json\/wp\/v2\/tags?post=3024"}],"curies":[{"name":"wp","href":"https:\/\/api.w.org\/{rel}","templated":true}]}}