{"id":303,"date":"2017-08-29T14:49:00","date_gmt":"2017-08-29T12:49:00","guid":{"rendered":"https:\/\/diocesi.concordia-pordenone.it\/caritas\/festa-dei-volontari\/"},"modified":"2017-08-29T14:49:00","modified_gmt":"2017-08-29T12:49:00","slug":"festa-dei-volontari","status":"publish","type":"post","link":"https:\/\/diocesi.concordia-pordenone.it\/caritas\/festa-dei-volontari\/","title":{"rendered":"Festa dei volontari"},"content":{"rendered":"<div>\u00a0<\/div>\n<div>Abbiamo pensato di aprire il nuovo anno pastorale con una <strong>festa dedicata a tutti i volontari<\/strong> che operano nell\u2019ambito della Caritas e delle altre realt\u00e0 vicine a Caritas, quali la San Vincenzo, le Cooperative Nuovi Vicini e Abitamondo, come momento di incontro e di condivisione, in un clima di convivialit\u00e0 e amicizia.<\/div>\n<div>\u00a0<\/div>\n<div>La festa si terr\u00e0 il prossimo <strong>venerd\u00ec 22 settembre<\/strong>, a partire <strong>dalle ore 17.30<\/strong>, presso <strong>Casa Madonna Pellegrina<\/strong>, a Pordenone, in via Madonna Pellegrina 11.<\/div>\n<div>Con l\u2019occasione, <strong>inaugureremo anche gli appartamenti di Casa Madonna Pellegrina<\/strong>, ristrutturati di recente, destinati a famiglie in difficolt\u00e0.<\/div>\n<div>\u00a0<\/div>\n<div>Questo il <strong>programma<\/strong>:<\/div>\n<div>ore 17.30: messa celebrata dal vescovo mons. Giuseppe Pellegrini<\/div>\n<div>ore 18.30: inaugurazione degli appartamenti di Casa Madonna Pellegrina<\/div>\n<div>a seguire: momento conviviale di festa, con cena etnica e italiana, e animazione musicale<\/div>\n<div>\u00a0<\/div>\n<div>\u00c8 gradita la prenotazione alla cena: 0434 546811 &#8211; caritas@diocesiconcordiapordenone.it <\/div>\n<div>\u00a0<\/div>\n<hr class=\"wpba_attachment_hr\"><div id='wpba_attachment_list' class='wpba wpba-wrap'>\n<ul class='wpba-attachment-list unstyled'><li id='wpba_attachment_list_305' class='wpba-list-item pull-left'><img src='https:\/\/diocesi.concordia-pordenone.it\/caritas\/wp-content\/themes\/wp-starter-so\/icons\/document.png' width='16' height='20' class='wpba-icon pull-left'><a href='https:\/\/diocesi.concordia-pordenone.it\/caritas\/wp-content\/uploads\/sites\/3\/2021\/06\/festa-volontari_inaugurazione-appartamenti-22_09_2017.pdf' title='festa-volontari_inaugurazione-appartamenti-22_09_2017' class='wpba-link pull-left' target=\"_blank\">festa-volontari_inaugurazione-appartamenti-22_09_2017<\/a><\/li>\n<\/ul><\/div>\n","protected":false},"excerpt":{"rendered":"<p>Abbiamo pensato di aprire il nuovo anno pastorale con una festa dedicata a tutti i volontari che operano nell\u2019ambito della Caritas e delle altre realt\u00e0 vicine a Caritas, quali la San Vincenzo, le Cooperative Nuovi Vicini e Abitamondo, come momento di incontro e di condivisione, in un clima di convivialit\u00e0 e amicizia. La festa si terr\u00e0 il prossimo venerd\u00ec 22 settembre, a partire dalle ore 17.30, presso Casa Madonna Pellegrina, a Pordenone. Con l\u2019occasione, inaugureremo anche gli appartamenti di Casa Madonna Pellegrina, ristrutturati di recente, destinati a famiglie in difficolt\u00e0. Entra per conoscere il programma<\/p>\n","protected":false},"author":0,"featured_media":304,"comment_status":"closed","ping_status":"closed","sticky":false,"template":"","format":"standard","meta":{"_acf_changed":false,"footnotes":""},"categories":[4],"tags":[],"class_list":["post-303","post","type-post","status-publish","format-standard","has-post-thumbnail","hentry","category-news-in-primo-piano"],"acf":{"seed-localization-paese-cod":"","seed-localization-address":"","seed-localization-citta":"","seed-localization-regione-cod-istat":"","seed-localization-citta-cod-istat":"","seed-localization-localita":"","seed-localization-cap":"","seed-localization-geo":{"lat":41.90552298770031,"lng":12.509441971778871,"zoom":10,"markers":[],"address":"","layers":["OpenStreetMap.Mapnik"]},"seed-localization-marker-visibility":false,"seed-localization-children-visibility":false,"seed-localization-kml":null,"seed-localization-custom-marker":null},"_links":{"self":[{"href":"https:\/\/diocesi.concordia-pordenone.it\/caritas\/wp-json\/wp\/v2\/posts\/303","targetHints":{"allow":["GET"]}}],"collection":[{"href":"https:\/\/diocesi.concordia-pordenone.it\/caritas\/wp-json\/wp\/v2\/posts"}],"about":[{"href":"https:\/\/diocesi.concordia-pordenone.it\/caritas\/wp-json\/wp\/v2\/types\/post"}],"author":[{"embeddable":true,"href":"https:\/\/diocesi.concordia-pordenone.it\/caritas\/wp-json\/wp\/v2\/users\/1"}],"replies":[{"embeddable":true,"href":"https:\/\/diocesi.concordia-pordenone.it\/caritas\/wp-json\/wp\/v2\/comments?post=303"}],"version-history":[{"count":0,"href":"https:\/\/diocesi.concordia-pordenone.it\/caritas\/wp-json\/wp\/v2\/posts\/303\/revisions"}],"wp:featuredmedia":[{"embeddable":true,"href":"https:\/\/diocesi.concordia-pordenone.it\/caritas\/wp-json\/wp\/v2\/media\/304"}],"wp:attachment":[{"href":"https:\/\/diocesi.concordia-pordenone.it\/caritas\/wp-json\/wp\/v2\/media?parent=303"}],"wp:term":[{"taxonomy":"category","embeddable":true,"href":"https:\/\/diocesi.concordia-pordenone.it\/caritas\/wp-json\/wp\/v2\/categories?post=303"},{"taxonomy":"post_tag","embeddable":true,"href":"https:\/\/diocesi.concordia-pordenone.it\/caritas\/wp-json\/wp\/v2\/tags?post=303"}],"curies":[{"name":"wp","href":"https:\/\/api.w.org\/{rel}","templated":true}]}}