{"id":3295,"date":"2025-09-23T10:06:25","date_gmt":"2025-09-23T08:06:25","guid":{"rendered":"https:\/\/diocesi.concordia-pordenone.it\/caritas\/giubileo-dei-migranti\/"},"modified":"2025-10-08T12:36:13","modified_gmt":"2025-10-08T10:36:13","slug":"giubileo-dei-migranti","status":"publish","type":"post","link":"https:\/\/diocesi.concordia-pordenone.it\/caritas\/giubileo-dei-migranti\/","title":{"rendered":"Giubileo dei Migranti"},"content":{"rendered":"<p data-start=\"162\" data-end=\"261\">Sabato <strong data-start=\"169\" data-end=\"187\">4 ottobre 2025<\/strong>, alle ore <strong data-start=\"198\" data-end=\"207\">15.00<\/strong>, si terr\u00e0 a Pordenone il <strong data-start=\"233\" data-end=\"258\">Giubileo dei Migranti<\/strong>.<\/p>\n<p data-start=\"263\" data-end=\"428\">Il pellegrinaggio prender\u00e0 avvio dalla <strong data-start=\"302\" data-end=\"329\">Casa Madonna Pellegrina<\/strong> e percorrer\u00e0 le vie della citt\u00e0, per vivere insieme un momento di fede, incontro e condivisione.<\/p>\n<p data-start=\"430\" data-end=\"750\">L\u2019iniziativa nasce dal desiderio di accogliere l\u2019invito di Papa Leone XIV a riscoprire nei migranti dei veri <strong data-start=\"539\" data-end=\"566\">\u201ctestimoni di speranza\u201d<\/strong>: donne e uomini che, con la loro vita, ci ricordano come ogni persona porti in s\u00e9 un dono unico, capace di contribuire al bene comune e di rinnovare il tessuto delle nostre societ\u00e0.<\/p>\n<p data-start=\"752\" data-end=\"864\">La manifestazione si concluder\u00e0 in <strong data-start=\"787\" data-end=\"810\">Piazzetta Calderari<\/strong>, dove \u00e8 previsto il saluto delle autorit\u00e0 presenti.<\/p>\n<p data-start=\"866\" data-end=\"911\">Tutta la comunit\u00e0 \u00e8 invitata a partecipare.<\/p>\n<p data-start=\"866\" data-end=\"911\">\n<hr class=\"wpba_attachment_hr\"><div id='wpba_attachment_list' class='wpba wpba-wrap'>\n<ul class='wpba-attachment-list unstyled'><li id='wpba_attachment_list_3298' class='wpba-list-item pull-left'><img src='https:\/\/diocesi.concordia-pordenone.it\/caritas\/wp-content\/themes\/wp-starter-so\/icons\/landscape.png' width='16' height='20' class='wpba-icon pull-left'><a href='https:\/\/diocesi.concordia-pordenone.it\/caritas\/wp-content\/uploads\/sites\/3\/2025\/09\/cq5dam.web_.1280.1280-1.jpeg' title='cq5dam.web.1280.1280 (1)' class='wpba-link pull-left' target=\"_blank\">cq5dam.web.1280.1280 (1)<\/a><\/li>\n<li id='wpba_attachment_list_3299' class='wpba-list-item pull-left'><img src='https:\/\/diocesi.concordia-pordenone.it\/caritas\/wp-content\/themes\/wp-starter-so\/icons\/document.png' width='16' height='20' class='wpba-icon pull-left'><a href='https:\/\/diocesi.concordia-pordenone.it\/caritas\/wp-content\/uploads\/sites\/3\/2025\/09\/20250918_invito-mons.-Pellegrini-Giubileo-Migranti.pdf' title='20250918_invito mons. Pellegrini Giubileo Migranti' class='wpba-link pull-left' target=\"_blank\">20250918_invito mons. Pellegrini Giubileo Migranti<\/a><\/li>\n<li id='wpba_attachment_list_3297' class='wpba-list-item pull-left'><img src='https:\/\/diocesi.concordia-pordenone.it\/caritas\/wp-content\/themes\/wp-starter-so\/icons\/document.png' width='16' height='20' class='wpba-icon pull-left'><a href='https:\/\/diocesi.concordia-pordenone.it\/caritas\/wp-content\/uploads\/sites\/3\/2025\/09\/Locandina-Migrantes.pdf' title='Locandina Migrantes' class='wpba-link pull-left' target=\"_blank\">Locandina Migrantes<\/a><\/li>\n<\/ul><\/div>\n","protected":false},"excerpt":{"rendered":"<p>Sabato 4 ottobre 2025, alle ore 15.00, si terr\u00e0 a Pordenone il Giubileo dei Migranti. Il pellegrinaggio prender\u00e0 avvio dalla Casa Madonna Pellegrina e percorrer\u00e0 le vie della citt\u00e0, per vivere insieme un momento di fede, incontro e condivisione. L\u2019iniziativa nasce dal desiderio di accogliere l\u2019invito di Papa Leone XIV a riscoprire nei migranti dei veri \u201ctestimoni di speranza\u201d: donne e uomini che, con la &hellip; <a href=\"https:\/\/diocesi.concordia-pordenone.it\/caritas\/giubileo-dei-migranti\/\" class=\"more-link\">Continue reading <span class=\"screen-reader-text\"><\/span> <span class=\"meta-nav\">&raquo;<\/span><\/a><\/p>\n","protected":false},"author":0,"featured_media":3296,"comment_status":"closed","ping_status":"closed","sticky":false,"template":"","format":"standard","meta":{"_acf_changed":false,"footnotes":""},"categories":[5],"tags":[213,214],"class_list":["post-3295","post","type-post","status-publish","format-standard","has-post-thumbnail","hentry","category-altre-news","tag-giubileo","tag-migrantes"],"acf":{"seed-localization-paese-cod":"IT","seed-localization-address":"","seed-localization-citta":"Pordenone","seed-localization-regione-cod-istat":"06","seed-localization-citta-cod-istat":"093033","seed-localization-localita":"","seed-localization-cap":"","seed-localization-geo":{"lat":41.9053433,"lng":12.5113678,"zoom":10,"markers":[],"address":"","layers":["OpenStreetMap.Mapnik"],"version":"1.5.6"},"seed-localization-marker-visibility":false,"seed-localization-children-visibility":false,"seed-localization-kml":"","seed-localization-custom-marker":""},"_links":{"self":[{"href":"https:\/\/diocesi.concordia-pordenone.it\/caritas\/wp-json\/wp\/v2\/posts\/3295","targetHints":{"allow":["GET"]}}],"collection":[{"href":"https:\/\/diocesi.concordia-pordenone.it\/caritas\/wp-json\/wp\/v2\/posts"}],"about":[{"href":"https:\/\/diocesi.concordia-pordenone.it\/caritas\/wp-json\/wp\/v2\/types\/post"}],"author":[{"embeddable":true,"href":"https:\/\/diocesi.concordia-pordenone.it\/caritas\/wp-json\/wp\/v2\/users\/5"}],"replies":[{"embeddable":true,"href":"https:\/\/diocesi.concordia-pordenone.it\/caritas\/wp-json\/wp\/v2\/comments?post=3295"}],"version-history":[{"count":1,"href":"https:\/\/diocesi.concordia-pordenone.it\/caritas\/wp-json\/wp\/v2\/posts\/3295\/revisions"}],"predecessor-version":[{"id":3300,"href":"https:\/\/diocesi.concordia-pordenone.it\/caritas\/wp-json\/wp\/v2\/posts\/3295\/revisions\/3300"}],"wp:featuredmedia":[{"embeddable":true,"href":"https:\/\/diocesi.concordia-pordenone.it\/caritas\/wp-json\/wp\/v2\/media\/3296"}],"wp:attachment":[{"href":"https:\/\/diocesi.concordia-pordenone.it\/caritas\/wp-json\/wp\/v2\/media?parent=3295"}],"wp:term":[{"taxonomy":"category","embeddable":true,"href":"https:\/\/diocesi.concordia-pordenone.it\/caritas\/wp-json\/wp\/v2\/categories?post=3295"},{"taxonomy":"post_tag","embeddable":true,"href":"https:\/\/diocesi.concordia-pordenone.it\/caritas\/wp-json\/wp\/v2\/tags?post=3295"}],"curies":[{"name":"wp","href":"https:\/\/api.w.org\/{rel}","templated":true}]}}