{"id":3302,"date":"2025-10-08T12:34:31","date_gmt":"2025-10-08T10:34:31","guid":{"rendered":"https:\/\/diocesi.concordia-pordenone.it\/caritas\/?p=3302"},"modified":"2025-11-11T09:42:56","modified_gmt":"2025-11-11T08:42:56","slug":"da-occhio-per-occhio-a-occhi-negli-occhi-in-cammino-con-la-giustizia-riparativa","status":"publish","type":"post","link":"https:\/\/diocesi.concordia-pordenone.it\/caritas\/da-occhio-per-occhio-a-occhi-negli-occhi-in-cammino-con-la-giustizia-riparativa\/","title":{"rendered":"Da occhio per occhio a occhi negli occhi: in cammino con la giustizia riparativa"},"content":{"rendered":"<p>&nbsp;<\/p>\n<p><span style=\"color: #800000;\"><strong>Venerd\u00ec 17 ottobre 2025<\/strong><\/span> doppio appuntamento per approfondire il tema della <strong>giustizia riparativa<\/strong>:<\/p>\n<p><strong><span style=\"color: #800000;\">ore 9.30 \/ 13.30<\/span><br \/>\n<\/strong><strong style=\"font-size: inherit;\">presso il Centro Culturale Casa A. Zanussi &#8211; Via Concordia 7, Pordenone<br \/>\n<\/strong><strong>CONVEGNO \u201cCarcere, comunit\u00e0 e giustizia riparativa: a che punto siamo?\u201d<br \/>\n<\/strong>Incontro pubblico per conoscere il paradigma della giustizia riparativa attraverso l&#8217;esperienza di esperti, accademici, volontari, vittime, autori di reato, giovani e comunit\u00e0<\/p>\n<p>&nbsp;<\/p>\n<p><strong><span style=\"color: #800000;\">ore 15.00 \/ 18.00<\/span><br \/>\n<\/strong><strong style=\"font-size: inherit;\">presso la Biblioteca Civica di Pordenone, Sala Degan &#8211; Piazzale XX Settembre 11, Pordenone<br \/>\n<\/strong><strong>LABORATORIO PARTECIPATIVO SULLA GIUSTIZIA RIPARATIVA<br \/>\n<\/strong><span style=\"font-size: inherit;\">Un laboratorio esperienziale sulla giustizia riparativa<\/span><\/p>\n<p>Maggiori informazioni nella <a href=\"https:\/\/diocesi.concordia-pordenone.it\/caritas\/wp-content\/uploads\/sites\/3\/2025\/10\/Convegno-1718-ottobre.pdf\" target=\"_blank\" rel=\"noopener\">locandina<\/a><\/p>\n<p><a href=\"https:\/\/forms.gle\/rXVm4kgCjeGsrCe7A\" target=\"_blank\" rel=\"noopener\">Link per iscrizione<\/a><\/p>\n<p>&nbsp;<\/p>\n<p>Ulteriore appuntamento sul tema della giustizia riparativa<\/p>\n<p><span style=\"color: #800000;\"><strong>Sabato 18 ottobre ore 9.30 \/ 12.00<\/strong><\/span><br \/>\n<strong>presso Casa Madonna Pellegrina &#8211; Via Madonna Pellegrina 11, Pordenone<\/strong><br \/>\n<strong>RESTORATIVE CIRCLE<br \/>\n<\/strong>Uno spazio di ascolto e di dialogo aperto, libero e sicuro, con l\u2019aiuto di uno o pi\u00f9 facilitatori<\/p>\n<p><span style=\"color: #800000;\"><strong>Partecipazione solo su invito<\/strong><\/span><\/p>\n<p>&nbsp;<\/p>\n<p>Per ulteriori informazioni: <a href=\"mailto:posta@stefanobertolo.it\">posta@stefanobertolo.it<\/a><\/p>\n<p>&nbsp;<\/p>\n<p><em>Il paradigma della giustizia riparativa pone sullo stesso piano di importanza persone autori del reato, persone che hanno subito le conseguenze dirette del reato e persone che vivono nella comunit\u00e0 in cui il reato \u00e8 accaduto. Ognuna di esse \u00e8 stata coinvolta dai fatti in modo diverso e le conseguenze possono aver generato bisogni che sono necessariamente diversi.<\/em><br \/>\n<em>La Riforma Cartabia (D.Lgs 150\/2022) ha introdotto nel nostro ordinamento giuridico la giustizia riparativa, che viene affiancata al processo penale tradizionale in un&#8217;ottica di complementarit\u00e0, non di sostituzione.<\/em><br \/>\n<em>La giustizia riparativa non si limita al sistema penale, ma pu\u00f2 essere applicata anche in contesti educativi, comunitari e sociali.<\/em><br \/>\n<em>Il Forum Europeo per la giustizia riparativa, infatti, allarga lo sguardo oltre l\u2019ambito penale e definisce la giustizia riparativa come &#8220;un approccio per affrontare il danno o il rischio di danno, coinvolgendo tutte e tutti coloro che ne sono influenzati per raggiungere una comprensione comune e un accordo su come il danno o l\u2019illecito pu\u00f2 essere riparato e la giustizia raggiunta&#8221;.<\/em><\/p>\n<p>&nbsp;<\/p>\n","protected":false},"excerpt":{"rendered":"<p>&nbsp; Venerd\u00ec 17 ottobre 2025 doppio appuntamento per approfondire il tema della giustizia riparativa: ore 9.30 \/ 13.30 presso il Centro Culturale Casa A. Zanussi &#8211; Via Concordia 7, Pordenone CONVEGNO \u201cCarcere, comunit\u00e0 e giustizia riparativa: a che punto siamo?\u201d Incontro pubblico per conoscere il paradigma della giustizia riparativa attraverso l&#8217;esperienza di esperti, accademici, volontari, vittime, autori di reato, giovani e comunit\u00e0 &nbsp; ore 15.00 &hellip; <a href=\"https:\/\/diocesi.concordia-pordenone.it\/caritas\/da-occhio-per-occhio-a-occhi-negli-occhi-in-cammino-con-la-giustizia-riparativa\/\" class=\"more-link\">Continue reading <span class=\"screen-reader-text\"><\/span> <span class=\"meta-nav\">&raquo;<\/span><\/a><\/p>\n","protected":false},"author":0,"featured_media":3303,"comment_status":"closed","ping_status":"closed","sticky":false,"template":"","format":"standard","meta":{"_acf_changed":false,"footnotes":""},"categories":[5],"tags":[217,215,216,218],"class_list":["post-3302","post","type-post","status-publish","format-standard","has-post-thumbnail","hentry","category-altre-news","tag-carcere","tag-giustizia","tag-giustizia-riparativa","tag-pena"],"acf":{"seed-localization-paese-cod":"","seed-localization-address":"","seed-localization-citta":"","seed-localization-regione-cod-istat":"","seed-localization-citta-cod-istat":"","seed-localization-localita":"","seed-localization-cap":"","seed-localization-geo":{"lat":41.9053433,"lng":12.5113678,"zoom":10,"markers":[],"address":"","layers":["OpenStreetMap.Mapnik"],"version":"1.5.6"},"seed-localization-marker-visibility":false,"seed-localization-children-visibility":false,"seed-localization-kml":"","seed-localization-custom-marker":""},"_links":{"self":[{"href":"https:\/\/diocesi.concordia-pordenone.it\/caritas\/wp-json\/wp\/v2\/posts\/3302","targetHints":{"allow":["GET"]}}],"collection":[{"href":"https:\/\/diocesi.concordia-pordenone.it\/caritas\/wp-json\/wp\/v2\/posts"}],"about":[{"href":"https:\/\/diocesi.concordia-pordenone.it\/caritas\/wp-json\/wp\/v2\/types\/post"}],"author":[{"embeddable":true,"href":"https:\/\/diocesi.concordia-pordenone.it\/caritas\/wp-json\/wp\/v2\/users\/3"}],"replies":[{"embeddable":true,"href":"https:\/\/diocesi.concordia-pordenone.it\/caritas\/wp-json\/wp\/v2\/comments?post=3302"}],"version-history":[{"count":8,"href":"https:\/\/diocesi.concordia-pordenone.it\/caritas\/wp-json\/wp\/v2\/posts\/3302\/revisions"}],"predecessor-version":[{"id":3312,"href":"https:\/\/diocesi.concordia-pordenone.it\/caritas\/wp-json\/wp\/v2\/posts\/3302\/revisions\/3312"}],"wp:featuredmedia":[{"embeddable":true,"href":"https:\/\/diocesi.concordia-pordenone.it\/caritas\/wp-json\/wp\/v2\/media\/3303"}],"wp:attachment":[{"href":"https:\/\/diocesi.concordia-pordenone.it\/caritas\/wp-json\/wp\/v2\/media?parent=3302"}],"wp:term":[{"taxonomy":"category","embeddable":true,"href":"https:\/\/diocesi.concordia-pordenone.it\/caritas\/wp-json\/wp\/v2\/categories?post=3302"},{"taxonomy":"post_tag","embeddable":true,"href":"https:\/\/diocesi.concordia-pordenone.it\/caritas\/wp-json\/wp\/v2\/tags?post=3302"}],"curies":[{"name":"wp","href":"https:\/\/api.w.org\/{rel}","templated":true}]}}