{"id":3319,"date":"2025-11-11T09:18:24","date_gmt":"2025-11-11T08:18:24","guid":{"rendered":"https:\/\/diocesi.concordia-pordenone.it\/caritas\/giubileo-dei-poveri\/"},"modified":"2025-11-11T09:18:24","modified_gmt":"2025-11-11T08:18:24","slug":"giubileo-dei-poveri","status":"publish","type":"post","link":"https:\/\/diocesi.concordia-pordenone.it\/caritas\/giubileo-dei-poveri\/","title":{"rendered":"Giubileo dei Poveri"},"content":{"rendered":"<p data-start=\"255\" data-end=\"585\">In occasione della <strong data-start=\"274\" data-end=\"309\">IX Giornata Mondiale dei Poveri<\/strong>, che quest\u2019anno coincide con il <strong data-start=\"342\" data-end=\"365\">Giubileo dei Poveri<\/strong>, la nostra Chiesa diocesana vivr\u00e0 un momento di grazia e comunione con il <strong data-start=\"440\" data-end=\"472\">\u201cPellegrinaggio di Speranza\u201d<\/strong>, segno concreto di vicinanza e condivisione con le persone che vivono situazioni di fragilit\u00e0 e vulnerabilit\u00e0.<\/p>\n<p data-start=\"587\" data-end=\"951\">L\u2019appuntamento \u00e8 per <strong data-start=\"608\" data-end=\"637\">domenica 16 novembre 2025<\/strong>, con <strong data-start=\"643\" data-end=\"720\">partenza alle ore 15.30 dal cortile della chiesa di Don Bosco a Pordenone<\/strong>. Il pellegrinaggio si snoder\u00e0 per le vie della citt\u00e0 e si concluder\u00e0 presso la <strong data-start=\"800\" data-end=\"845\">chiesa di San Francesco in via Cappuccini<\/strong>, dove avr\u00e0 luogo un <strong data-start=\"866\" data-end=\"890\">momento di preghiera<\/strong> presieduto dal <strong data-start=\"906\" data-end=\"948\">Vescovo S.E. Mons. Giuseppe Pellegrini<\/strong>.<\/p>\n<p data-start=\"953\" data-end=\"1303\">L\u2019invito \u00e8 rivolto a tutte le comunit\u00e0, alle associazioni e ai fedeli della diocesi, per testimoniare insieme una <strong data-start=\"1067\" data-end=\"1102\">Chiesa che cammina con i poveri<\/strong>, animata dalle parole di Papa Francesco e dall\u2019esortazione apostolica <em data-start=\"1173\" data-end=\"1184\">Dilexi Te<\/em>, che ci richiama a \u201ccercare, conoscere, animare e promuovere i segni di speranza\u201d gi\u00e0 presenti nei nostri territori.<\/p>\n<hr class=\"wpba_attachment_hr\">","protected":false},"excerpt":{"rendered":"<p>In occasione della IX Giornata Mondiale dei Poveri, che quest\u2019anno coincide con il Giubileo dei Poveri, la nostra Chiesa diocesana vivr\u00e0 un momento di grazia e comunione con il \u201cPellegrinaggio di Speranza\u201d, segno concreto di vicinanza e condivisione con le persone che vivono situazioni di fragilit\u00e0 e vulnerabilit\u00e0. L\u2019appuntamento \u00e8 per domenica 16 novembre 2025, con partenza alle ore 15.30 dal cortile della chiesa di &hellip; <a href=\"https:\/\/diocesi.concordia-pordenone.it\/caritas\/giubileo-dei-poveri\/\" class=\"more-link\">Continue reading <span class=\"screen-reader-text\"><\/span> <span class=\"meta-nav\">&raquo;<\/span><\/a><\/p>\n","protected":false},"author":0,"featured_media":3320,"comment_status":"closed","ping_status":"closed","sticky":false,"template":"","format":"standard","meta":{"_acf_changed":false,"footnotes":""},"categories":[4],"tags":[213,219,220,221],"class_list":["post-3319","post","type-post","status-publish","format-standard","has-post-thumbnail","hentry","category-news-in-primo-piano","tag-giubileo","tag-pellegrina","tag-pellegrinaggio-speranza","tag-poveri"],"acf":{"seed-localization-paese-cod":"IT","seed-localization-address":"","seed-localization-citta":"Pordenone","seed-localization-regione-cod-istat":"06","seed-localization-citta-cod-istat":"093033","seed-localization-localita":"","seed-localization-cap":"","seed-localization-geo":{"lat":41.9053433,"lng":12.5099945,"zoom":10,"markers":[],"address":"","layers":["OpenStreetMap.Mapnik"],"version":"1.5.6"},"seed-localization-marker-visibility":false,"seed-localization-children-visibility":false,"seed-localization-kml":"","seed-localization-custom-marker":""},"_links":{"self":[{"href":"https:\/\/diocesi.concordia-pordenone.it\/caritas\/wp-json\/wp\/v2\/posts\/3319","targetHints":{"allow":["GET"]}}],"collection":[{"href":"https:\/\/diocesi.concordia-pordenone.it\/caritas\/wp-json\/wp\/v2\/posts"}],"about":[{"href":"https:\/\/diocesi.concordia-pordenone.it\/caritas\/wp-json\/wp\/v2\/types\/post"}],"author":[{"embeddable":true,"href":"https:\/\/diocesi.concordia-pordenone.it\/caritas\/wp-json\/wp\/v2\/users\/5"}],"replies":[{"embeddable":true,"href":"https:\/\/diocesi.concordia-pordenone.it\/caritas\/wp-json\/wp\/v2\/comments?post=3319"}],"version-history":[{"count":0,"href":"https:\/\/diocesi.concordia-pordenone.it\/caritas\/wp-json\/wp\/v2\/posts\/3319\/revisions"}],"wp:featuredmedia":[{"embeddable":true,"href":"https:\/\/diocesi.concordia-pordenone.it\/caritas\/wp-json\/wp\/v2\/media\/3320"}],"wp:attachment":[{"href":"https:\/\/diocesi.concordia-pordenone.it\/caritas\/wp-json\/wp\/v2\/media?parent=3319"}],"wp:term":[{"taxonomy":"category","embeddable":true,"href":"https:\/\/diocesi.concordia-pordenone.it\/caritas\/wp-json\/wp\/v2\/categories?post=3319"},{"taxonomy":"post_tag","embeddable":true,"href":"https:\/\/diocesi.concordia-pordenone.it\/caritas\/wp-json\/wp\/v2\/tags?post=3319"}],"curies":[{"name":"wp","href":"https:\/\/api.w.org\/{rel}","templated":true}]}}