{"id":3346,"date":"2025-11-30T19:55:31","date_gmt":"2025-11-30T18:55:31","guid":{"rendered":"https:\/\/diocesi.concordia-pordenone.it\/caritas\/comunicato-stampa-2\/"},"modified":"2025-12-01T09:55:49","modified_gmt":"2025-12-01T08:55:49","slug":"comunicato-stampa-2","status":"publish","type":"post","link":"https:\/\/diocesi.concordia-pordenone.it\/caritas\/comunicato-stampa-2\/","title":{"rendered":"COMUNICATO STAMPA"},"content":{"rendered":"<h2 style=\"text-align: center;\"><strong>Comunicato stampa<\/strong><\/h2>\n<h5 style=\"text-align: center;\"><strong>\u00a0<\/strong><strong>A seguito della morte del giovane afgano Shirzai Farhdullah di sabato 29 novembre 2025<\/strong><\/h5>\n<p><strong><em>\u00a0<\/em><\/strong><\/p>\n<p>PORDENONE &#8211; La Croce Rossa Italiana \u2013 Comitato di Pordenone e la Caritas Diocesana di Concordia-Pordenone esprimono profondo cordoglio per la morte di Shirzai Farhdullah deceduto in tragiche circostanze il 29 novembre a Pordenone. \u201cLa nostra vicinanza\u201d dichiarano il Presidente della CRI Ludovico Mellina Bares e il Direttore Caritas Andrea Barachino \u201cva innanzitutto ai due ragazzi sopravvissuti, attualmente ricoverati, e ai familiari della vittima. Domenica abbiamo incontrato il fratello di Shirzai Farhdullah, giunto dal Belgio per comprendere le dinamiche dell\u2019evento: a lui abbiamo manifestato personalmente il nostro dolore e la nostra solidariet\u00e0.\u201d<\/p>\n<p>Sono ferite che, in una Comunit\u00e0 come la nostra, fanno particolarmente fatica a trovare giustificazioni.<\/p>\n<p>Da quattro anni Caritas e Croce Rossa hanno unito le forze per garantire sul territorio un presidio stabile a favore delle persone senza dimora. L\u2019accoglienza del dormitorio invernale, gestita con il massimo impegno, si affianca al Centro di Ascolto, all\u2019accoglienza e al servizio docce \u00a0di Caritas, allo Sportello Sociale, al servizio distribuzione pasti e all\u2019Unit\u00e0 di Strada della Croce Rossa: realt\u00e0 operative che ogni giorno lavorano in rete anche con i Servizi territoriali e con gli Ambiti, con i quali si \u00e8 attivato un bando dedicato al presidio della grave marginalit\u00e0.<\/p>\n<p>L\u2019obiettivo condiviso delle nostre organizzazioni \u00e8 semplice e fondamentale: proteggere chi \u00e8 costretto a vivere in strada, soprattutto nei mesi pi\u00f9 freddi, prevenendo situazioni di rischio estremo per la salute e per la vita stessa delle persone.<\/p>\n<p>Un pensiero speciale va anche alle operatrici, agli operatori e alle decine di volontarie e volontari che ogni giorno, in questi anni, hanno messo e mettono a disposizione tempo, energie e competenza per accogliere e proteggere le persone pi\u00f9 fragili.<\/p>\n<p>&nbsp;<\/p>\n<p>Pordenone, 30 novembre 2025<\/p>\n<hr class=\"wpba_attachment_hr\"><div id='wpba_attachment_list' class='wpba wpba-wrap'>\n<ul class='wpba-attachment-list unstyled'><li id='wpba_attachment_list_3347' class='wpba-list-item pull-left'><img src='https:\/\/diocesi.concordia-pordenone.it\/caritas\/wp-content\/themes\/wp-starter-so\/icons\/document.png' width='16' height='20' class='wpba-icon pull-left'><a href='https:\/\/diocesi.concordia-pordenone.it\/caritas\/wp-content\/uploads\/sites\/3\/2025\/12\/Comunicato-stampa-Morte-Shirzai-Farhdullah.pdf' title='Comunicato stampa - Morte Shirzai Farhdullah' class='wpba-link pull-left' target=\"_blank\">Comunicato stampa - Morte Shirzai Farhdullah<\/a><\/li>\n<\/ul><\/div>\n","protected":false},"excerpt":{"rendered":"<p>Comunicato stampa \u00a0A seguito della morte del giovane afgano Shirzai Farhdullah di sabato 29 novembre 2025 \u00a0 PORDENONE &#8211; La Croce Rossa Italiana \u2013 Comitato di Pordenone e la Caritas Diocesana di Concordia-Pordenone esprimono profondo cordoglio per la morte di Shirzai Farhdullah deceduto in tragiche circostanze il 29 novembre a Pordenone. \u201cLa nostra vicinanza\u201d dichiarano il Presidente della CRI Ludovico Mellina Bares e il Direttore &hellip; <a href=\"https:\/\/diocesi.concordia-pordenone.it\/caritas\/comunicato-stampa-2\/\" class=\"more-link\">Continue reading <span class=\"screen-reader-text\"><\/span> <span class=\"meta-nav\">&raquo;<\/span><\/a><\/p>\n","protected":false},"author":0,"featured_media":3348,"comment_status":"closed","ping_status":"closed","sticky":false,"template":"","format":"standard","meta":{"_acf_changed":false,"footnotes":""},"categories":[4],"tags":[198,226,227,228],"class_list":["post-3346","post","type-post","status-publish","format-standard","has-post-thumbnail","hentry","category-news-in-primo-piano","tag-caritas","tag-comunicato","tag-comunicato-stampa","tag-croce-rossa"],"acf":{"seed-localization-paese-cod":"IT","seed-localization-address":"","seed-localization-citta":"Pordenone","seed-localization-regione-cod-istat":"06","seed-localization-citta-cod-istat":"093033","seed-localization-localita":"","seed-localization-cap":"","seed-localization-geo":{"lat":41.9053433,"lng":12.5113678,"zoom":10,"markers":[],"address":"","layers":["OpenStreetMap.Mapnik"],"version":"1.5.6"},"seed-localization-marker-visibility":false,"seed-localization-children-visibility":false,"seed-localization-kml":"","seed-localization-custom-marker":""},"_links":{"self":[{"href":"https:\/\/diocesi.concordia-pordenone.it\/caritas\/wp-json\/wp\/v2\/posts\/3346","targetHints":{"allow":["GET"]}}],"collection":[{"href":"https:\/\/diocesi.concordia-pordenone.it\/caritas\/wp-json\/wp\/v2\/posts"}],"about":[{"href":"https:\/\/diocesi.concordia-pordenone.it\/caritas\/wp-json\/wp\/v2\/types\/post"}],"author":[{"embeddable":true,"href":"https:\/\/diocesi.concordia-pordenone.it\/caritas\/wp-json\/wp\/v2\/users\/5"}],"replies":[{"embeddable":true,"href":"https:\/\/diocesi.concordia-pordenone.it\/caritas\/wp-json\/wp\/v2\/comments?post=3346"}],"version-history":[{"count":1,"href":"https:\/\/diocesi.concordia-pordenone.it\/caritas\/wp-json\/wp\/v2\/posts\/3346\/revisions"}],"predecessor-version":[{"id":3349,"href":"https:\/\/diocesi.concordia-pordenone.it\/caritas\/wp-json\/wp\/v2\/posts\/3346\/revisions\/3349"}],"wp:featuredmedia":[{"embeddable":true,"href":"https:\/\/diocesi.concordia-pordenone.it\/caritas\/wp-json\/wp\/v2\/media\/3348"}],"wp:attachment":[{"href":"https:\/\/diocesi.concordia-pordenone.it\/caritas\/wp-json\/wp\/v2\/media?parent=3346"}],"wp:term":[{"taxonomy":"category","embeddable":true,"href":"https:\/\/diocesi.concordia-pordenone.it\/caritas\/wp-json\/wp\/v2\/categories?post=3346"},{"taxonomy":"post_tag","embeddable":true,"href":"https:\/\/diocesi.concordia-pordenone.it\/caritas\/wp-json\/wp\/v2\/tags?post=3346"}],"curies":[{"name":"wp","href":"https:\/\/api.w.org\/{rel}","templated":true}]}}