{"id":341,"date":"2019-09-19T10:09:00","date_gmt":"2019-09-19T08:09:00","guid":{"rendered":"https:\/\/diocesi.concordia-pordenone.it\/caritas\/servizio-civile-in-caritas-diocesana\/"},"modified":"2019-09-19T10:09:00","modified_gmt":"2019-09-19T08:09:00","slug":"servizio-civile-in-caritas-diocesana","status":"publish","type":"post","link":"https:\/\/diocesi.concordia-pordenone.it\/caritas\/servizio-civile-in-caritas-diocesana\/","title":{"rendered":"Servizio Civile in Caritas Diocesana"},"content":{"rendered":"<div>\u00a0<\/div>\n<div>Caritas Diocesana di Concordia-Pordenone cerca <strong>4 giovani<\/strong> residenti in Italia,<\/div>\n<div>di et\u00e0 compresa <strong>fra i 18 ed i 29 anni<\/strong> non compiuti, che desiderano impegnarsi aderendo al progetto Abitare la comunit\u00e0.<\/div>\n<div>\u00a0<\/div>\n<div>Il servizio prevede un impegno di <strong>25 ore settimanali<\/strong>,<\/div>\n<div>per la durata di <strong>12 mesi<\/strong>, in attivit\u00e0 di accompagnamento sociale,<\/div>\n<div>educative e di animazione.<\/div>\n<div>\u00c8 previsto un compenso mensile pari a 433,80 \u20ac.<\/div>\n<div>\u00a0<\/div>\n<div><strong>CONTATTACI PER INFORMAZIONI:<\/strong><\/div>\n<div>\n<div>e-mail: caritas@diocesiconcordiapordenone.it<\/div>\n<div>tel. 0434 546811<\/div>\n<div>\u00a0<\/div>\n<div>\u00a0<\/div>\n<p><strong>SCADENZA BANDO IL 17 OTTOBRE 2019<\/strong><\/div>\n<div><br ><\/div>\n<div><strong>Gli aspiranti operatori volontari dovranno presentare la domanda di partecipazione esclusivamente attraverso la piattaforma Domanda on Line (DOL), raggiungibile tramite PC, tablet e smartphone, <\/strong><strong>all\u2019indirizzo <\/strong><strong>https:\/\/domandaonline.serviziocivile.it<\/strong><strong>. Le domande di partecipazione devono essere presentate entro e non oltre le ore 14.00 del 17 ottobre 2019.<\/strong><\/div>\n<div>\u00a0<\/div>\n<div>Ulteriori informazioni sul sito del Servizio Civile Universale. <br ><\/div>\n<div>\u00a0<\/div>\n<div>\u00a0<\/div>\n<div>\u00a0<\/div>\n<div style=\"text-align: center;\"><strong>\u201cABITARE LA COMUNIT\u00c0\u201d<\/strong><\/div>\n<div style=\"text-align: center;\"><strong>UN PROGETTO NATO PER VIVERE E FAR VIVERE MEGLIO<\/strong><\/div>\n<div>\u00a0<\/div>\n<div>Casa Madonna Pellegrina \u00e8 un luogo che da sempre accoglie <strong>nuclei familiari in difficolt\u00e0<\/strong>. Con questo progetto si vuole andare oltre il concetto di semplice \u201cospitalit\u00e0\u201d, grazie ad un percorso personalizzato che consentir\u00e0 alle famiglie di <strong>raggiungere la propria autonomia<\/strong>.<\/div>\n<div>\u00a0<\/div>\n<div>Al volontario del Servizio Civile chiediamo di affiancare gli operatori sociali per il raggiungimento dei seguenti <strong>obiettivi<\/strong>:<\/div>\n<div>\u00a0<\/div>\n<div><strong>1. accogliere e accompagnare persone che vivono un disagio abitativo attraverso:<\/strong><\/div>\n<div>&#8211; inserimento ed accoglienza dei nuclei familiari<\/div>\n<div>&#8211; accompagnamento nella gestione della casa e degli spazi comuni<\/div>\n<div>&#8211; organizzazione di momenti di incontro e scambio fra vari nuclei familiari<\/div>\n<div>&#8211; attivit\u00e0 di doposcuola<\/div>\n<div>\u00a0<\/div>\n<div><strong>2. sostenere percorsi di autonomia e di integrazione socio-abitativa attraverso:<\/strong><\/div>\n<div>&#8211; definizione di un programma individualizzato relativo alla gestione economica familiare, alla ricerca del lavoro e di un\u2019abitazione autonoma<\/div>\n<div>&#8211; incontri periodici fra famiglia e assistente sociale<\/div>\n<div>\u00a0<\/div>\n<div><strong>3. sensibilizzare, animare e formare la comunit\u00e0 locale, per incentivare il volontariato territoriale attraverso:<\/strong><\/div>\n<div>&#8211; organizzazione di eventi presso Casa Madonna Pellegrina, coinvolgendo il vicinato (cena di contrada, teatro, attivit\u00e0 di animazione)<\/div>\n<div>&#8211; ricerca e inserimento di volontari a supporto delle famiglie<\/div>\n<div>&#8211; organizzazione di un convegno sul tema del disagio abitativo<\/div>\n<div>&#8211; testimonianze dei volontari del Servizio Civile sulla propria esperienza a fianco delle famiglie<\/div>\n<div>\u00a0<\/div>\n<div>\u00a0<\/div>\n<div><strong>OBBLIGHI DEGLI OPERATORI DEL SERVIZIO CIVILE<\/strong><\/div>\n<div>Gli operatori volontari dovranno partecipare ai vari <strong>percorsi formativi<\/strong> organizzati anche al di fuori della stessa regione, provincia e comune ove si svolge il proprio progetto (es. incontro nazionale giovani in Servizio Civile); partecipare a momenti di <strong>verifica periodica<\/strong> dell\u2019operato, anche attraverso la compilazione obbligatoria di questionari on-line.<\/div>\n<div>\u00a0<\/div>\n<div>\u00a0<\/div>\n<hr class=\"wpba_attachment_hr\"><div id='wpba_attachment_list' class='wpba wpba-wrap'>\n<ul class='wpba-attachment-list unstyled'><li id='wpba_attachment_list_343' class='wpba-list-item pull-left'><img src='https:\/\/diocesi.concordia-pordenone.it\/caritas\/wp-content\/themes\/wp-starter-so\/icons\/document.png' width='16' height='20' class='wpba-icon pull-left'><a href='https:\/\/diocesi.concordia-pordenone.it\/caritas\/wp-content\/uploads\/sites\/3\/2021\/06\/locandina-servizio-civile-universale.pdf' title='locandina-servizio-civile-universale' class='wpba-link pull-left' target=\"_blank\">locandina-servizio-civile-universale<\/a><\/li>\n<li id='wpba_attachment_list_344' class='wpba-list-item pull-left'><img src='https:\/\/diocesi.concordia-pordenone.it\/caritas\/wp-content\/themes\/wp-starter-so\/icons\/document.png' width='16' height='20' class='wpba-icon pull-left'><a href='https:\/\/diocesi.concordia-pordenone.it\/caritas\/wp-content\/uploads\/sites\/3\/2021\/06\/scheda-progetto_servizio-civile-universale-2019.pdf' title='scheda-progetto_servizio-civile-universale-2019' class='wpba-link pull-left' target=\"_blank\">scheda-progetto_servizio-civile-universale-2019<\/a><\/li>\n<\/ul><\/div>\n","protected":false},"excerpt":{"rendered":"<p>Caritas Diocesana di Concordia-Pordenone cerca 4 giovani residenti in Italia, di et\u00e0 compresa fra i 18 ed i 29 anni non compiuti, che desiderano impegnarsi aderendo al progetto &#8220;Abitare la comunit\u00e0&#8221;. Il servizio prevede un impegno di 25 ore settimanali, per la durata di 12 mesi, in attivit\u00e0 di accompagnamento sociale, educative e di animazione.<br \/>\n\u00c8 previsto un compenso mensile pari a 433,80 \u20ac. IL BANDO SCADE IL 17 OTTOBRE 2019. Entra per saperne di pi\u00f9<\/p>\n","protected":false},"author":0,"featured_media":342,"comment_status":"closed","ping_status":"closed","sticky":false,"template":"","format":"standard","meta":{"_acf_changed":false,"footnotes":""},"categories":[4],"tags":[],"class_list":["post-341","post","type-post","status-publish","format-standard","has-post-thumbnail","hentry","category-news-in-primo-piano"],"acf":{"seed-localization-paese-cod":"","seed-localization-address":"","seed-localization-citta":"","seed-localization-regione-cod-istat":"","seed-localization-citta-cod-istat":"","seed-localization-localita":"","seed-localization-cap":"","seed-localization-geo":{"lat":41.90552298770031,"lng":12.509441971778871,"zoom":10,"markers":[],"address":"","layers":["OpenStreetMap.Mapnik"]},"seed-localization-marker-visibility":false,"seed-localization-children-visibility":false,"seed-localization-kml":null,"seed-localization-custom-marker":null},"_links":{"self":[{"href":"https:\/\/diocesi.concordia-pordenone.it\/caritas\/wp-json\/wp\/v2\/posts\/341","targetHints":{"allow":["GET"]}}],"collection":[{"href":"https:\/\/diocesi.concordia-pordenone.it\/caritas\/wp-json\/wp\/v2\/posts"}],"about":[{"href":"https:\/\/diocesi.concordia-pordenone.it\/caritas\/wp-json\/wp\/v2\/types\/post"}],"author":[{"embeddable":true,"href":"https:\/\/diocesi.concordia-pordenone.it\/caritas\/wp-json\/wp\/v2\/users\/1"}],"replies":[{"embeddable":true,"href":"https:\/\/diocesi.concordia-pordenone.it\/caritas\/wp-json\/wp\/v2\/comments?post=341"}],"version-history":[{"count":0,"href":"https:\/\/diocesi.concordia-pordenone.it\/caritas\/wp-json\/wp\/v2\/posts\/341\/revisions"}],"wp:featuredmedia":[{"embeddable":true,"href":"https:\/\/diocesi.concordia-pordenone.it\/caritas\/wp-json\/wp\/v2\/media\/342"}],"wp:attachment":[{"href":"https:\/\/diocesi.concordia-pordenone.it\/caritas\/wp-json\/wp\/v2\/media?parent=341"}],"wp:term":[{"taxonomy":"category","embeddable":true,"href":"https:\/\/diocesi.concordia-pordenone.it\/caritas\/wp-json\/wp\/v2\/categories?post=341"},{"taxonomy":"post_tag","embeddable":true,"href":"https:\/\/diocesi.concordia-pordenone.it\/caritas\/wp-json\/wp\/v2\/tags?post=341"}],"curies":[{"name":"wp","href":"https:\/\/api.w.org\/{rel}","templated":true}]}}