{"id":3423,"date":"2026-03-12T16:01:57","date_gmt":"2026-03-12T15:01:57","guid":{"rendered":"https:\/\/diocesi.concordia-pordenone.it\/caritas\/?p=3423"},"modified":"2026-03-20T15:20:00","modified_gmt":"2026-03-20T14:20:00","slug":"relazione-del-centro-di-ascolto-attivita-anno-2025","status":"publish","type":"post","link":"https:\/\/diocesi.concordia-pordenone.it\/caritas\/relazione-del-centro-di-ascolto-attivita-anno-2025\/","title":{"rendered":"Relazione del Centro di Ascolto &#8211; attivit\u00e0 anno 2025"},"content":{"rendered":"<p>Doppio appuntamento con la<\/p>\n<h5>presentazione della<br \/>\n<span style=\"color: #800000;\"><strong>Relazione del Centro di Ascolto Diocesano sull&#8217;attivit\u00e0 dell&#8217;anno 2025<\/strong><\/span><\/h5>\n<p><strong>FRAGILIT\u00c0 INTRECCIATE<\/strong><br \/>\n<em><strong>Lo sguardo delle Caritas sulle povert\u00e0 del territorio diocesano<\/strong><\/em><\/p>\n<p><iframe loading=\"lazy\" title=\"Relazione Annuale Caritas 2025\" width=\"800\" height=\"600\" src=\"https:\/\/www.youtube.com\/embed\/SYmLamPlCfg?feature=oembed\" frameborder=\"0\" allow=\"accelerometer; autoplay; clipboard-write; encrypted-media; gyroscope; picture-in-picture; web-share\" referrerpolicy=\"strict-origin-when-cross-origin\" allowfullscreen><\/iframe><\/p>\n<h5><a href=\"https:\/\/diocesi.concordia-pordenone.it\/caritas\/wp-content\/uploads\/sites\/3\/2026\/03\/Caritas-Relazione-annuale-2025.pdf\">Presentazione &#8211; Caritas &#8211; Relazione annuale 2025<\/a><\/h5>\n<h5 style=\"text-align: left;\"><span style=\"color: #800000;\"><strong>venerd\u00ec 20 marzo 2026<\/strong><\/span>, alle <span style=\"color: #800000;\"><strong>ore 11.30<br \/>\n<\/strong><\/span><em><strong>conferenza stampa<\/strong><\/em><br \/>\npresso <strong>Casa Madonna Pellegrina<\/strong>, a <strong>Pordenone<\/strong><\/h5>\n<p style=\"text-align: left;\">Intervengono il Direttore della Caritas diocesana <strong>Andrea Barachino<\/strong>, il Vescovo della Diocesi di Concordia-Pordenone S.E. <strong>Giuseppe Pellegrini<\/strong>,<br \/>\nil Vicario per la Prossimit\u00e0 <strong>Paolo Zanet<\/strong> e gli operatori della Caritas diocesana<\/p>\n<p>&nbsp;<\/p>\n<h5 style=\"text-align: left;\"><span style=\"color: #800000;\"><strong>venerd\u00ec 20 marzo 2026<\/strong><\/span>, alle <span style=\"color: #800000;\"><strong>ore 20.30<br \/>\n<\/strong><\/span><em><strong>incontro pubblico<\/strong><\/em><br \/>\npresso <strong>Casa Madonna Pellegrina<\/strong>, a <strong>Pordenone<\/strong><\/h5>\n<p style=\"text-align: left;\"><a href=\"https:\/\/diocesi.concordia-pordenone.it\/caritas\/wp-content\/uploads\/sites\/3\/2026\/03\/locandina-relazione-CdA-2025-1.pdf\" target=\"_blank\" rel=\"noopener\">scarica la locandina<\/a><strong><br \/>\n<\/strong><\/p>\n<p>&nbsp;<\/p>\n<hr class=\"wpba_attachment_hr\"><div id='wpba_attachment_list' class='wpba wpba-wrap'>\n<ul class='wpba-attachment-list unstyled'><li id='wpba_attachment_list_3424' class='wpba-list-item pull-left'><img src='https:\/\/diocesi.concordia-pordenone.it\/caritas\/wp-content\/themes\/wp-starter-so\/icons\/landscape.png' width='16' height='20' class='wpba-icon pull-left'><a href='https:\/\/diocesi.concordia-pordenone.it\/caritas\/wp-content\/uploads\/sites\/3\/2026\/03\/invito-relazione-sera.png' title='locandina relazione CdA 2025' class='wpba-link pull-left' target=\"_blank\">locandina relazione CdA 2025<\/a><\/li>\n<li id='wpba_attachment_list_3434' class='wpba-list-item pull-left'><img src='https:\/\/diocesi.concordia-pordenone.it\/caritas\/wp-content\/themes\/wp-starter-so\/icons\/document.png' width='16' height='20' class='wpba-icon pull-left'><a href='https:\/\/diocesi.concordia-pordenone.it\/caritas\/wp-content\/uploads\/sites\/3\/2026\/03\/Caritas-Relazione-annuale-2025.pdf' title='Caritas - Relazione annuale 2025' class='wpba-link pull-left' target=\"_blank\">Caritas - Relazione annuale 2025<\/a><\/li>\n<\/ul><\/div>\n","protected":false},"excerpt":{"rendered":"<p>Doppio appuntamento con la presentazione della Relazione del Centro di Ascolto Diocesano sull&#8217;attivit\u00e0 dell&#8217;anno 2025 FRAGILIT\u00c0 INTRECCIATE Lo sguardo delle Caritas sulle povert\u00e0 del territorio diocesano Presentazione &#8211; Caritas &#8211; Relazione annuale 2025 venerd\u00ec 20 marzo 2026, alle ore 11.30 conferenza stampa presso Casa Madonna Pellegrina, a Pordenone Intervengono il Direttore della Caritas diocesana Andrea Barachino, il Vescovo della Diocesi di Concordia-Pordenone S.E. Giuseppe Pellegrini, &hellip; <a href=\"https:\/\/diocesi.concordia-pordenone.it\/caritas\/relazione-del-centro-di-ascolto-attivita-anno-2025\/\" class=\"more-link\">Continue reading <span class=\"screen-reader-text\"><\/span> <span class=\"meta-nav\">&raquo;<\/span><\/a><\/p>\n","protected":false},"author":0,"featured_media":3438,"comment_status":"closed","ping_status":"closed","sticky":false,"template":"","format":"standard","meta":{"_acf_changed":false,"footnotes":""},"categories":[4],"tags":[],"class_list":["post-3423","post","type-post","status-publish","format-standard","has-post-thumbnail","hentry","category-news-in-primo-piano"],"acf":{"seed-localization-paese-cod":"","seed-localization-address":"","seed-localization-citta":"","seed-localization-regione-cod-istat":"","seed-localization-citta-cod-istat":"","seed-localization-localita":"","seed-localization-cap":"","seed-localization-geo":{"lat":41.9053433,"lng":12.5120544,"zoom":10,"markers":[],"address":"","layers":["OpenStreetMap.Mapnik"],"version":"1.5.6"},"seed-localization-marker-visibility":false,"seed-localization-children-visibility":false,"seed-localization-kml":"","seed-localization-custom-marker":""},"_links":{"self":[{"href":"https:\/\/diocesi.concordia-pordenone.it\/caritas\/wp-json\/wp\/v2\/posts\/3423","targetHints":{"allow":["GET"]}}],"collection":[{"href":"https:\/\/diocesi.concordia-pordenone.it\/caritas\/wp-json\/wp\/v2\/posts"}],"about":[{"href":"https:\/\/diocesi.concordia-pordenone.it\/caritas\/wp-json\/wp\/v2\/types\/post"}],"author":[{"embeddable":true,"href":"https:\/\/diocesi.concordia-pordenone.it\/caritas\/wp-json\/wp\/v2\/users\/3"}],"replies":[{"embeddable":true,"href":"https:\/\/diocesi.concordia-pordenone.it\/caritas\/wp-json\/wp\/v2\/comments?post=3423"}],"version-history":[{"count":8,"href":"https:\/\/diocesi.concordia-pordenone.it\/caritas\/wp-json\/wp\/v2\/posts\/3423\/revisions"}],"predecessor-version":[{"id":3439,"href":"https:\/\/diocesi.concordia-pordenone.it\/caritas\/wp-json\/wp\/v2\/posts\/3423\/revisions\/3439"}],"wp:featuredmedia":[{"embeddable":true,"href":"https:\/\/diocesi.concordia-pordenone.it\/caritas\/wp-json\/wp\/v2\/media\/3438"}],"wp:attachment":[{"href":"https:\/\/diocesi.concordia-pordenone.it\/caritas\/wp-json\/wp\/v2\/media?parent=3423"}],"wp:term":[{"taxonomy":"category","embeddable":true,"href":"https:\/\/diocesi.concordia-pordenone.it\/caritas\/wp-json\/wp\/v2\/categories?post=3423"},{"taxonomy":"post_tag","embeddable":true,"href":"https:\/\/diocesi.concordia-pordenone.it\/caritas\/wp-json\/wp\/v2\/tags?post=3423"}],"curies":[{"name":"wp","href":"https:\/\/api.w.org\/{rel}","templated":true}]}}