{"id":351,"date":"2020-03-11T10:14:00","date_gmt":"2020-03-11T09:14:00","guid":{"rendered":"https:\/\/diocesi.concordia-pordenone.it\/caritas\/coronavirus-lettera-del-direttore-della-caritas-diocesana\/"},"modified":"2020-03-11T10:14:00","modified_gmt":"2020-03-11T09:14:00","slug":"coronavirus-lettera-del-direttore-della-caritas-diocesana","status":"publish","type":"post","link":"https:\/\/diocesi.concordia-pordenone.it\/caritas\/coronavirus-lettera-del-direttore-della-caritas-diocesana\/","title":{"rendered":"Coronavirus: lettera del Direttore della Caritas Diocesana"},"content":{"rendered":"<div>\u00a0<\/div>\n<div>Pordenone, 10 marzo 2020<\/div>\n<div>\u00a0<\/div>\n<div>Ai referenti delle Caritas Foraneali e Parrocchiali<\/div>\n<div>della Diocesi di Concordia-Pordenone<\/div>\n<div>\u00a0<\/div>\n<div><strong>Oggetto: Servizi di prossimit\u00e0 delle Caritas Foraneali e Parrocchiali<\/strong><\/div>\n<div>\u00a0<\/div>\n<div>\u00a0<\/div>\n<div>Carissimi,<\/div>\n<div>in seguito ai vari provvedimenti che si sono susseguiti in questi giorni per l\u2019emergenza Coronavirus, crediamo sia opportuno fornire alcune indicazioni in merito allo svolgimento dei servizi segno legati alle Caritas nelle rispettive Parrocchie e Foranie.<\/div>\n<div>Come anche comunicato dal nostro Vescovo, le attivit\u00e0 caritative possono continuare nei Centri di Ascolto e negli altri servizi di Caritas Diocesane e Parrocchiali e realt\u00e0 affini, garantendo le condizioni previste dal Decreto della Presidenza del Consiglio dei Ministri dell\u20198 marzo 2020 (evitare assembramenti e mantenere una distanza di un metro tra le persone). Nelle mense dei poveri si garantiscano le medesime condizioni, oppure si distribuiscano i cestini con i pasti, che non potranno per\u00f2 essere consumati all\u2019interno delle strutture (cfr. comunicato del Vescovo del 9 marzo 2020).<\/div>\n<div>\u00a0<\/div>\n<div>Nel concreto ci sentiamo di suggerire alcune attenzioni, per tutelare la nostra salute e quella delle persone che assistiamo, cercando di garantire, per quanto possibile, la \u201cprossimit\u00e0\u201d ed evitando di lasciare soli i pi\u00f9 deboli e vulnerabili.<\/div>\n<div>\u00a0<\/div>\n<div><strong>Centri di Ascolto<\/strong><\/div>\n<div>Si invita a garantire i colloqui del Centro di Ascolto esclusivamente su appuntamento. Preferibilmente, a meno di urgenti e comprovate necessit\u00e0 non rimandabili, evitare anche l\u2019incontro con le persone, gestendo la relazione attraverso il telefono.<\/div>\n<div>Il Centro di Ascolto Diocesano, pur avendo dovuto sospendere l\u2019attivit\u00e0 di \u201csportello\u201d, garantisce comunque la possibilit\u00e0 di essere contattato telefonicamente per confrontarsi sulle varie situazioni (referente: Monica Battel, tel. 0434 546876, dal luned\u00ec al venerd\u00ec 9.00-13.00).<\/div>\n<div>\u00a0<\/div>\n<div><strong>Centri di Distribuzione<\/strong><\/div>\n<div>Pu\u00f2 essere opportuno chiudere quelle attivit\u00e0 di distribuzione non urgenti (ad esempio vestiario). Quanto alle attivit\u00e0 di distribuzione di generi alimentari (borse spesa), \u00e8 opportuno garantirle attuando alcuni accorgimenti: evitare assembramenti delle persone in attesa (in tal senso \u00e8 preferibile lavorare su appuntamento), consegna del pacco viveri uno alla volta, lavarsi spesso le mani.<\/div>\n<div>\u00a0<\/div>\n<div><strong>Fondo Straordinario di Solidariet\u00e0<\/strong><\/div>\n<div>Le riunioni delle commissioni centrale e territoriali del Fondo sono sospese. In questa fase, per urgenze legate a scadenze impellenti, \u00e8 possibile segnalare telefonicamente il caso in Caritas Diocesana, che, attraverso il Direttore e sentito telefonicamente gli altri membri della Commissione Centrale, delibera in merito alla richiesta.<\/div>\n<div>\u00a0<\/div>\n<div><strong>Consiglio Caritas Diocesana e attivit\u00e0 di formazione<\/strong><\/div>\n<div>Il Consiglio Caritas e i percorsi formativi, che era nostra intenzione avviare, in questo momento sono sospesi. Gli operatori della Caritas Diocesana sono comunque in servizio e, pertanto, contattabili al telefono o via e-mail.<\/div>\n<div>\u00a0<\/div>\n<div>\u00a0<\/div>\n<div>In questo momento particolare, oltre alle parole del nostro Vescovo, vi riportiamo quanto Caritas Italiana e, quindi la Conferenza Episcopale Italiana, ci scrive:<\/div>\n<div>\u201cCome credenti abbiamo la piena consapevolezza che pur dovendo con sofferenza rinunciare alle celebrazioni comunitarie, non possiamo e non dobbiamo per\u00f2 spegnere le candele della nostra fede, tutt\u2019altro! Esse rimangono accese perch\u00e9 il Signore \u00e8 presente. Ed \u00e8 presente sempre nella carne viva di quei fratelli e quelle sorelle che oggi pi\u00f9 che mai sono gi\u00e0 realmente pi\u00f9 poveri di ieri. Abbiamo pertanto l\u2019opportunit\u00e0 &#8211; pur con tutte le necessarie cautele &#8211; di continuare a celebrare nel servizio della prossimit\u00e0 l\u2019Eucaristia che celebriamo nel privato. E nel privato delle nostre case abbiamo ancora l\u2019opportunit\u00e0 di recuperare e di vivere pienamente il senso della famiglia Chiesa domestica\u201d.<\/div>\n<div>\u00a0<\/div>\n<div>\u00a0<\/div>\n<div>Direttore Caritas Diocesana<\/div>\n<div>Andrea Barachino<\/div>\n<div>\u00a0<\/div>\n<hr class=\"wpba_attachment_hr\"><div id='wpba_attachment_list' class='wpba wpba-wrap'>\n<ul class='wpba-attachment-list unstyled'><li id='wpba_attachment_list_353' class='wpba-list-item pull-left'><img src='https:\/\/diocesi.concordia-pordenone.it\/caritas\/wp-content\/themes\/wp-starter-so\/icons\/document.png' width='16' height='20' class='wpba-icon pull-left'><a href='https:\/\/diocesi.concordia-pordenone.it\/caritas\/wp-content\/uploads\/sites\/3\/2021\/06\/comunicato-vescovo-9-marzo-2020.pdf' title='comunicato-vescovo-9-marzo-2020' class='wpba-link pull-left' target=\"_blank\">comunicato-vescovo-9-marzo-2020<\/a><\/li>\n<li id='wpba_attachment_list_354' class='wpba-list-item pull-left'><img src='https:\/\/diocesi.concordia-pordenone.it\/caritas\/wp-content\/themes\/wp-starter-so\/icons\/document.png' width='16' height='20' class='wpba-icon pull-left'><a href='https:\/\/diocesi.concordia-pordenone.it\/caritas\/wp-content\/uploads\/sites\/3\/2021\/06\/lettera-caritas-parrocchiali_emergenza-sanitaria-2020.pdf' title='lettera-caritas-parrocchiali_emergenza-sanitaria-2020' class='wpba-link pull-left' target=\"_blank\">lettera-caritas-parrocchiali_emergenza-sanitaria-2020<\/a><\/li>\n<\/ul><\/div>\n","protected":false},"excerpt":{"rendered":"<p>In seguito ai vari provvedimenti che si sono susseguiti in questi giorni per l\u2019emergenza Coronavirus, crediamo sia opportuno fornire alcune indicazioni in merito allo svolgimento dei servizi segno legati alle Caritas nelle rispettive Parrocchie e Foranie. Nel concreto ci sentiamo di suggerire alcune attenzioni, per tutelare la nostra salute e quella delle persone che assistiamo, cercando di garantire, per quanto possibile, la \u201cprossimit\u00e0\u201d ed evitando di lasciare soli i pi\u00f9 deboli e vulnerabili.<\/p>\n","protected":false},"author":0,"featured_media":352,"comment_status":"closed","ping_status":"closed","sticky":false,"template":"","format":"standard","meta":{"_acf_changed":false,"footnotes":""},"categories":[4],"tags":[],"class_list":["post-351","post","type-post","status-publish","format-standard","has-post-thumbnail","hentry","category-news-in-primo-piano"],"acf":{"seed-localization-paese-cod":"","seed-localization-address":"","seed-localization-citta":"","seed-localization-regione-cod-istat":"","seed-localization-citta-cod-istat":"","seed-localization-localita":"","seed-localization-cap":"","seed-localization-geo":{"lat":41.90552298770031,"lng":12.509441971778871,"zoom":10,"markers":[],"address":"","layers":["OpenStreetMap.Mapnik"]},"seed-localization-marker-visibility":false,"seed-localization-children-visibility":false,"seed-localization-kml":null,"seed-localization-custom-marker":null},"_links":{"self":[{"href":"https:\/\/diocesi.concordia-pordenone.it\/caritas\/wp-json\/wp\/v2\/posts\/351","targetHints":{"allow":["GET"]}}],"collection":[{"href":"https:\/\/diocesi.concordia-pordenone.it\/caritas\/wp-json\/wp\/v2\/posts"}],"about":[{"href":"https:\/\/diocesi.concordia-pordenone.it\/caritas\/wp-json\/wp\/v2\/types\/post"}],"author":[{"embeddable":true,"href":"https:\/\/diocesi.concordia-pordenone.it\/caritas\/wp-json\/wp\/v2\/users\/1"}],"replies":[{"embeddable":true,"href":"https:\/\/diocesi.concordia-pordenone.it\/caritas\/wp-json\/wp\/v2\/comments?post=351"}],"version-history":[{"count":0,"href":"https:\/\/diocesi.concordia-pordenone.it\/caritas\/wp-json\/wp\/v2\/posts\/351\/revisions"}],"wp:featuredmedia":[{"embeddable":true,"href":"https:\/\/diocesi.concordia-pordenone.it\/caritas\/wp-json\/wp\/v2\/media\/352"}],"wp:attachment":[{"href":"https:\/\/diocesi.concordia-pordenone.it\/caritas\/wp-json\/wp\/v2\/media?parent=351"}],"wp:term":[{"taxonomy":"category","embeddable":true,"href":"https:\/\/diocesi.concordia-pordenone.it\/caritas\/wp-json\/wp\/v2\/categories?post=351"},{"taxonomy":"post_tag","embeddable":true,"href":"https:\/\/diocesi.concordia-pordenone.it\/caritas\/wp-json\/wp\/v2\/tags?post=351"}],"curies":[{"name":"wp","href":"https:\/\/api.w.org\/{rel}","templated":true}]}}