{"id":357,"date":"2020-04-16T16:34:00","date_gmt":"2020-04-16T14:34:00","guid":{"rendered":"https:\/\/diocesi.concordia-pordenone.it\/caritas\/aaa-cercasi-educatore-professionale\/"},"modified":"2020-04-16T16:34:00","modified_gmt":"2020-04-16T14:34:00","slug":"aaa-cercasi-educatore-professionale","status":"publish","type":"post","link":"https:\/\/diocesi.concordia-pordenone.it\/caritas\/aaa-cercasi-educatore-professionale\/","title":{"rendered":"AAA cercasi educatore professionale"},"content":{"rendered":"<div><br ><\/div>\n<div><strong>Ente<\/strong>: FONDAZIONE BUON SAMARITANO CASA MADONNA PELLEGRINA<\/div>\n<div>\u00a0<\/div>\n<div><strong>Settore attivit\u00e0<\/strong>: AMBITO SOCIALE<\/div>\n<div>\u00a0<\/div>\n<div><strong>Sedi<\/strong>: a Pordenone<\/div>\n<div>\u00a0<\/div>\n<div><strong>Profilo Professionale<\/strong><\/div>\n<div><strong>Competenze richieste<\/strong>: Capacit\u00e0 educative e capacit\u00e0 di animazione di gruppi, buona conoscenza dell\u2019inglese, autonomia, alta capacit\u00e0 organizzativa e relazionale, attitudine al lavoro di gruppo, capacit\u00e0 di lavorare sotto stress, flessibilit\u00e0, capacit\u00e0 di gestire conflitti<\/div>\n<div>\u00a0<\/div>\n<div><strong>Mansioni da ricoprire<\/strong>: Educatore in struttura di accoglienza per persone in situazione di grave marginalit\u00e0 sociale e richiedenti asilo<\/div>\n<div>Si richiede la disponibilit\u00e0 su turni e nel fine settimana<\/div>\n<div>\u00a0<\/div>\n<div><strong>Titolo di studio<\/strong>: Laurea in scienze dell\u2019educazione, formazione, assistente sociale, relazioni internazionali, psicologia<\/div>\n<div>\u00a0<\/div>\n<div>Mandare il curriculum e la propria candidatura <strong>esclusivamente via e-mail<\/strong> agli indirizzi:<\/div>\n<div>buonsamaritano@diocesiconcordiapordenone.it<\/p>\n<hr class=\"wpba_attachment_hr\">","protected":false},"excerpt":{"rendered":"<p>Cercasi educatore professionale, per attivit\u00e0 in ambito sociale, a Pordenone, in struttura di accoglienza per persone in situazione di grave marginalit\u00e0 sociale e richiedenti asilo. Inviare curriculum vitae entro le 12.00 del 27 aprile 2020. Entra per maggiori informazioni<\/p>\n","protected":false},"author":0,"featured_media":358,"comment_status":"closed","ping_status":"closed","sticky":false,"template":"","format":"standard","meta":{"_acf_changed":false,"footnotes":""},"categories":[4],"tags":[],"class_list":["post-357","post","type-post","status-publish","format-standard","has-post-thumbnail","hentry","category-news-in-primo-piano"],"acf":{"seed-localization-paese-cod":"","seed-localization-address":"","seed-localization-citta":"","seed-localization-regione-cod-istat":"","seed-localization-citta-cod-istat":"","seed-localization-localita":"","seed-localization-cap":"","seed-localization-geo":{"lat":41.90552298770031,"lng":12.509441971778871,"zoom":10,"markers":[],"address":"","layers":["OpenStreetMap.Mapnik"]},"seed-localization-marker-visibility":false,"seed-localization-children-visibility":false,"seed-localization-kml":null,"seed-localization-custom-marker":null},"_links":{"self":[{"href":"https:\/\/diocesi.concordia-pordenone.it\/caritas\/wp-json\/wp\/v2\/posts\/357","targetHints":{"allow":["GET"]}}],"collection":[{"href":"https:\/\/diocesi.concordia-pordenone.it\/caritas\/wp-json\/wp\/v2\/posts"}],"about":[{"href":"https:\/\/diocesi.concordia-pordenone.it\/caritas\/wp-json\/wp\/v2\/types\/post"}],"author":[{"embeddable":true,"href":"https:\/\/diocesi.concordia-pordenone.it\/caritas\/wp-json\/wp\/v2\/users\/1"}],"replies":[{"embeddable":true,"href":"https:\/\/diocesi.concordia-pordenone.it\/caritas\/wp-json\/wp\/v2\/comments?post=357"}],"version-history":[{"count":0,"href":"https:\/\/diocesi.concordia-pordenone.it\/caritas\/wp-json\/wp\/v2\/posts\/357\/revisions"}],"wp:featuredmedia":[{"embeddable":true,"href":"https:\/\/diocesi.concordia-pordenone.it\/caritas\/wp-json\/wp\/v2\/media\/358"}],"wp:attachment":[{"href":"https:\/\/diocesi.concordia-pordenone.it\/caritas\/wp-json\/wp\/v2\/media?parent=357"}],"wp:term":[{"taxonomy":"category","embeddable":true,"href":"https:\/\/diocesi.concordia-pordenone.it\/caritas\/wp-json\/wp\/v2\/categories?post=357"},{"taxonomy":"post_tag","embeddable":true,"href":"https:\/\/diocesi.concordia-pordenone.it\/caritas\/wp-json\/wp\/v2\/tags?post=357"}],"curies":[{"name":"wp","href":"https:\/\/api.w.org\/{rel}","templated":true}]}}