{"id":359,"date":"2019-12-19T11:20:00","date_gmt":"2019-12-19T10:20:00","guid":{"rendered":"https:\/\/diocesi.concordia-pordenone.it\/caritas\/riapre-il-centro-di-ascolto-diocesano\/"},"modified":"2019-12-19T11:20:00","modified_gmt":"2019-12-19T10:20:00","slug":"riapre-il-centro-di-ascolto-diocesano","status":"publish","type":"post","link":"https:\/\/diocesi.concordia-pordenone.it\/caritas\/riapre-il-centro-di-ascolto-diocesano\/","title":{"rendered":"Riapre il Centro di Ascolto diocesano"},"content":{"rendered":"<div>\u00a0<\/div>\n<div>Dal 25 maggio riapre il Centro di Ascolto diocesano.<\/div>\n<div>\u00a0<\/div>\n<div>Per la sicurezza di utenti e operatori, i colloqui avverranno<\/div>\n<div><strong>esclusivamente su appuntamento<\/strong><\/div>\n<div>nelle giornate di<\/div>\n<div><strong>luned\u00ec, marted\u00ec, mercoled\u00ec e venerd\u00ec dalle 9.00 alle 12.00<\/strong>.<\/div>\n<div><br >Per prendere appuntamento, si pu\u00f2 <strong>telefonare<\/strong>, nei medesimi giorni e orari,<\/div>\n<div>allo <strong>0434 546811<\/strong>.<\/div>\n<div>\u00a0<\/div>\n<div>\u00a0<\/div>\n<div>\u00a0<\/div>\n<div>\n<div style=\"text-align: left\"><b>CENTRO DI ASCOLTO CARITAS DIOCESANA<\/b><\/div>\n<div style=\"text-align: left\">Ascolto, orientamento, accompagnamento di persone in difficolt\u00e0<\/div>\n<div style=\"text-align: left\">\u00a0<\/div>\n<div style=\"text-align: left\">Via Madonna Pellegrina 11 \u2013 Pordenone<\/div>\n<div style=\"text-align: left\">tel. 0434 546811<\/div>\n<div style=\"text-align: left\">osservatoriocaritas@diocesiconcordiapordenone.it<\/div>\n<div style=\"text-align: left\">\u00a0<\/div>\n<div style=\"text-align: left\">\u00a0<\/div>\n<\/div>\n<hr class=\"wpba_attachment_hr\">","protected":false},"excerpt":{"rendered":"<p>Dal 25 maggio riapre il Centro di Ascolto diocesano. Per la sicurezza di utenti e operatori, i colloqui avverranno ESCLUSIVAMENTE SU APPUNTAMENTO nelle giornate di luned\u00ec, marted\u00ec, mercoled\u00ec e venerd\u00ec dalle 9.00 alle 12.00.<br \/>\nPer prendere appuntamento, si pu\u00f2 telefonare, nei medesimi giorni e orari, allo 0434 546811.<\/p>\n","protected":false},"author":0,"featured_media":360,"comment_status":"closed","ping_status":"closed","sticky":false,"template":"","format":"standard","meta":{"_acf_changed":false,"footnotes":""},"categories":[4],"tags":[],"class_list":["post-359","post","type-post","status-publish","format-standard","has-post-thumbnail","hentry","category-news-in-primo-piano"],"acf":{"seed-localization-paese-cod":"","seed-localization-address":"","seed-localization-citta":"","seed-localization-regione-cod-istat":"","seed-localization-citta-cod-istat":"","seed-localization-localita":"","seed-localization-cap":"","seed-localization-geo":{"lat":41.90552298770031,"lng":12.509441971778871,"zoom":10,"markers":[],"address":"","layers":["OpenStreetMap.Mapnik"]},"seed-localization-marker-visibility":false,"seed-localization-children-visibility":false,"seed-localization-kml":null,"seed-localization-custom-marker":null},"_links":{"self":[{"href":"https:\/\/diocesi.concordia-pordenone.it\/caritas\/wp-json\/wp\/v2\/posts\/359","targetHints":{"allow":["GET"]}}],"collection":[{"href":"https:\/\/diocesi.concordia-pordenone.it\/caritas\/wp-json\/wp\/v2\/posts"}],"about":[{"href":"https:\/\/diocesi.concordia-pordenone.it\/caritas\/wp-json\/wp\/v2\/types\/post"}],"author":[{"embeddable":true,"href":"https:\/\/diocesi.concordia-pordenone.it\/caritas\/wp-json\/wp\/v2\/users\/1"}],"replies":[{"embeddable":true,"href":"https:\/\/diocesi.concordia-pordenone.it\/caritas\/wp-json\/wp\/v2\/comments?post=359"}],"version-history":[{"count":0,"href":"https:\/\/diocesi.concordia-pordenone.it\/caritas\/wp-json\/wp\/v2\/posts\/359\/revisions"}],"wp:featuredmedia":[{"embeddable":true,"href":"https:\/\/diocesi.concordia-pordenone.it\/caritas\/wp-json\/wp\/v2\/media\/360"}],"wp:attachment":[{"href":"https:\/\/diocesi.concordia-pordenone.it\/caritas\/wp-json\/wp\/v2\/media?parent=359"}],"wp:term":[{"taxonomy":"category","embeddable":true,"href":"https:\/\/diocesi.concordia-pordenone.it\/caritas\/wp-json\/wp\/v2\/categories?post=359"},{"taxonomy":"post_tag","embeddable":true,"href":"https:\/\/diocesi.concordia-pordenone.it\/caritas\/wp-json\/wp\/v2\/tags?post=359"}],"curies":[{"name":"wp","href":"https:\/\/api.w.org\/{rel}","templated":true}]}}