{"id":397,"date":"2010-12-21T10:17:00","date_gmt":"2010-12-21T09:17:00","guid":{"rendered":"https:\/\/diocesi.concordia-pordenone.it\/caritas\/proposte-avvento-natale-2010\/"},"modified":"2010-12-21T10:17:00","modified_gmt":"2010-12-21T09:17:00","slug":"proposte-avvento-natale-2010","status":"publish","type":"post","link":"https:\/\/diocesi.concordia-pordenone.it\/caritas\/proposte-avvento-natale-2010\/","title":{"rendered":"Proposte Avvento Natale 2010"},"content":{"rendered":"<div>\n<div style=\"background: white\"><b>I POVERI DI CASA NOSTRA<\/b><\/div>\n<div style=\"background: white\">Anche quest\u2019anno la Diocesi \u00e8 attiva con il Fondo Diocesano di Solidariet\u00e0. Si tratta di una somma di denaro, raccolta su appello del vescovo, destinata ad aiutare le famiglie colpite dalla crisi\u00a0che si trovano in difficolt\u00e0 economica.<\/div>\n<div style=\"background: white\">Solo da gennaio a giugno 2010, grazie al fondo e all\u2019aiuto dei volontari delle parrocchie, si sono potute aiutare 129 famiglie disagiate. Prevalentemente si sono aiutate le persone ad affrontare le spese relative alle bollette (gas, energia, immondizie, ecc.) o quelle relative alla prime necessit\u00e0 (viveri non presenti nei pacchi spesa, farmaci non mutuabili, spese per trasporti, ecc.).<\/div>\n<div style=\"background: white\">\u00a0<\/div>\n<div style=\"background: white\">Proposte concrete:<\/div>\n<p>attivare la parrocchia affinch\u00e9 sia soggetto attivo di solidariet\u00e0: raccogliere in parrocchia volontari che possano ascoltare le famiglie in difficolt\u00e0 e possano segnalarle, quando \u00e8 il caso, al Fondo Diocesano di Solidariet\u00e0 promuovere la raccolta fondi diffondendo l\u2019appello del vescovo: \u201cse 10mila persone con un lavoro stabile, tra le circa 360mila persone che risiedono in diocesi, donassero al fondo cinquanta euro, avremmo a disposizione una cifra importante per aiutare le famiglie in difficolt\u00e0\u201d<\/p>\n<div style=\"background: white\">Area Promozione Caritas<\/div>\n<div style=\"background: white\">Referente: Mara Tajariol, Elena Mariuz <\/div>\n<div style=\"background: white\"><b>\u00a0<\/b><\/div>\n<div style=\"background: white\"><b>Zero Poverty<\/b><\/div>\n<div style=\"background: white\">La povert\u00e0 \u00e8 uno scandalo inaccettabile per il ventunesimo secolo: \u00e8 questo il messaggio della campagna Zero Poverty, promossa da Caritas Europa e Caritas Italiana, in occasione dell&#8217;anno europeo contro la povert\u00e0 e l&#8217;esclusione sociale. Ciascuno di noi, nel proprio piccolo, pu\u00f2 essere attore protagonista nel cammino verso un obiettivo che sembra utopico. E il primo passo \u00e8 sicuramente l\u2019informazione: informarsi per agire in prima persona e per sensibilizzare la societ\u00e0 civile.<\/div>\n<div>\u00a0<\/div>\n<div>Proposte concrete:<\/div>\n<p>firmare la petizione sul sito www.zeropoverty.orgorganizzare attivit\u00e0 di sensibilizzazione nelle parrocchie e nelle scuole, attraverso lo strumento del kit didattico Zero Poverty\u00a0<\/p>\n<div style=\"background: white\">Area Mondialit\u00e0 ed Emergenze<\/div>\n<div style=\"background: white\">Referente: Andrea Barachino<\/div>\n<\/div>\n<hr class=\"wpba_attachment_hr\">","protected":false},"excerpt":{"rendered":"<p>Le proposte per l&#8217;Avvento e Natale 2010, oltre l&#8217;agenda 2011, prevedono altri due ambiti di intervento: i poveri di casa nostra (Fondo Diocesano di Solidariet\u00e0) e adesione alla campagna Zero Poverty<\/p>\n","protected":false},"author":0,"featured_media":398,"comment_status":"closed","ping_status":"closed","sticky":false,"template":"","format":"standard","meta":{"_acf_changed":false,"footnotes":""},"categories":[5],"tags":[],"class_list":["post-397","post","type-post","status-publish","format-standard","has-post-thumbnail","hentry","category-altre-news"],"acf":{"seed-localization-paese-cod":"","seed-localization-address":"","seed-localization-citta":"","seed-localization-regione-cod-istat":"","seed-localization-citta-cod-istat":"","seed-localization-localita":"","seed-localization-cap":"","seed-localization-geo":{"lat":41.90552298770031,"lng":12.509441971778871,"zoom":10,"markers":[],"address":"","layers":["OpenStreetMap.Mapnik"]},"seed-localization-marker-visibility":false,"seed-localization-children-visibility":false,"seed-localization-kml":null,"seed-localization-custom-marker":null},"_links":{"self":[{"href":"https:\/\/diocesi.concordia-pordenone.it\/caritas\/wp-json\/wp\/v2\/posts\/397","targetHints":{"allow":["GET"]}}],"collection":[{"href":"https:\/\/diocesi.concordia-pordenone.it\/caritas\/wp-json\/wp\/v2\/posts"}],"about":[{"href":"https:\/\/diocesi.concordia-pordenone.it\/caritas\/wp-json\/wp\/v2\/types\/post"}],"author":[{"embeddable":true,"href":"https:\/\/diocesi.concordia-pordenone.it\/caritas\/wp-json\/wp\/v2\/users\/1"}],"replies":[{"embeddable":true,"href":"https:\/\/diocesi.concordia-pordenone.it\/caritas\/wp-json\/wp\/v2\/comments?post=397"}],"version-history":[{"count":0,"href":"https:\/\/diocesi.concordia-pordenone.it\/caritas\/wp-json\/wp\/v2\/posts\/397\/revisions"}],"wp:featuredmedia":[{"embeddable":true,"href":"https:\/\/diocesi.concordia-pordenone.it\/caritas\/wp-json\/wp\/v2\/media\/398"}],"wp:attachment":[{"href":"https:\/\/diocesi.concordia-pordenone.it\/caritas\/wp-json\/wp\/v2\/media?parent=397"}],"wp:term":[{"taxonomy":"category","embeddable":true,"href":"https:\/\/diocesi.concordia-pordenone.it\/caritas\/wp-json\/wp\/v2\/categories?post=397"},{"taxonomy":"post_tag","embeddable":true,"href":"https:\/\/diocesi.concordia-pordenone.it\/caritas\/wp-json\/wp\/v2\/tags?post=397"}],"curies":[{"name":"wp","href":"https:\/\/api.w.org\/{rel}","templated":true}]}}