{"id":399,"date":"2012-04-01T16:51:00","date_gmt":"2012-04-01T14:51:00","guid":{"rendered":"https:\/\/diocesi.concordia-pordenone.it\/caritas\/la-concordia-gennaio-marzo-2013\/"},"modified":"2012-04-01T16:51:00","modified_gmt":"2012-04-01T14:51:00","slug":"la-concordia-gennaio-marzo-2013","status":"publish","type":"post","link":"https:\/\/diocesi.concordia-pordenone.it\/caritas\/la-concordia-gennaio-marzo-2013\/","title":{"rendered":"La Concordia &#8211; gennaio\/marzo 2013"},"content":{"rendered":"<div>In questo numero il messaggio pasquale del Vescovo,\u00a0un estratto della relazione del Centro di Ascolto, la nuova rubrica &#8220;Raccontamondo&#8221;, un dossier sull&#8217;emergenza Nordafrica, testimonianze dalla mostra Rotte Migranti\u00a0e molto altro ancora&#8230;<\/div>\n<div>\u00a0<\/div>\n<div>\u00a0<\/div>\n<div><strong>Ti piace il nostro giornale?<\/strong><\/div>\n<div><strong>Ritieni utile l&#8217;informazione che La Concordia offre?<\/strong><\/div>\n<div>\u00a0<\/div>\n<div>La Concordia \u00e8 una rivista trimestrale che fa conoscere il mondo della Caritas diocesana, i progetti e le azioni intraprese, i corso di formazione, e d\u00e0 un&#8217;informazione sulle attivit\u00e0 delle Caritas parrocchiali. \u00c8 uno strumento per far circolare le notizie in modo capillare, nelle famiglie come nelle comunit\u00e0 parrocchiali.<\/div>\n<div>Purtroppo l&#8217;attuale normativa sulle tariffe postali penalizza le piccole riviste come questa, imponendo un costo per la spedizione che \u00e8 pari a quello della rivisa stessa: per questo motivo ti chiediamo di contribuire a sostenere questo mezzo di informazione, aiutandoci. Questo \u00e8 l&#8217;unico modo perch\u00e9 sopravviva questo tipo di informazione che, come tutte le piccole riviste, rischia di sparire se rimane senza aiuto. Il contributo \u00e8 di 4 euro all&#8217;anno (1 euro a copia).<\/div>\n<div>Per informazioni e per dare la propria adesione:<\/div>\n<div>0434 221222 &#8211;\u00a0caritas(@)diocesiconcordiapordenone.it<\/div>\n<div>\u00a0<\/div>\n<div>Vai alla pagina dedicata<\/div>\n<div>\u00a0<\/div>\n","protected":false},"excerpt":{"rendered":"<p>In questo numero il messaggio pasquale del Vescovo, un estratto della relazione del Centro di Ascolto, la nuova rubrica &#8220;Raccontamondo&#8221;, un dossier sull&#8217;emergenza Nordafrica, testimonianze dalla mostra Rotte Migranti e molto altro ancora&#8230;<\/p>\n","protected":false},"author":0,"featured_media":0,"comment_status":"closed","ping_status":"closed","sticky":false,"template":"","format":"standard","meta":{"_acf_changed":false,"footnotes":""},"categories":[5],"tags":[],"class_list":["post-399","post","type-post","status-publish","format-standard","hentry","category-altre-news"],"acf":{"seed-localization-paese-cod":"","seed-localization-address":"","seed-localization-citta":"","seed-localization-regione-cod-istat":"","seed-localization-citta-cod-istat":"","seed-localization-localita":"","seed-localization-cap":"","seed-localization-geo":{"lat":41.90552298770031,"lng":12.509441971778871,"zoom":10,"markers":[],"address":"","layers":["OpenStreetMap.Mapnik"]},"seed-localization-marker-visibility":false,"seed-localization-children-visibility":false,"seed-localization-kml":null,"seed-localization-custom-marker":null},"_links":{"self":[{"href":"https:\/\/diocesi.concordia-pordenone.it\/caritas\/wp-json\/wp\/v2\/posts\/399","targetHints":{"allow":["GET"]}}],"collection":[{"href":"https:\/\/diocesi.concordia-pordenone.it\/caritas\/wp-json\/wp\/v2\/posts"}],"about":[{"href":"https:\/\/diocesi.concordia-pordenone.it\/caritas\/wp-json\/wp\/v2\/types\/post"}],"author":[{"embeddable":true,"href":"https:\/\/diocesi.concordia-pordenone.it\/caritas\/wp-json\/wp\/v2\/users\/1"}],"replies":[{"embeddable":true,"href":"https:\/\/diocesi.concordia-pordenone.it\/caritas\/wp-json\/wp\/v2\/comments?post=399"}],"version-history":[{"count":0,"href":"https:\/\/diocesi.concordia-pordenone.it\/caritas\/wp-json\/wp\/v2\/posts\/399\/revisions"}],"wp:attachment":[{"href":"https:\/\/diocesi.concordia-pordenone.it\/caritas\/wp-json\/wp\/v2\/media?parent=399"}],"wp:term":[{"taxonomy":"category","embeddable":true,"href":"https:\/\/diocesi.concordia-pordenone.it\/caritas\/wp-json\/wp\/v2\/categories?post=399"},{"taxonomy":"post_tag","embeddable":true,"href":"https:\/\/diocesi.concordia-pordenone.it\/caritas\/wp-json\/wp\/v2\/tags?post=399"}],"curies":[{"name":"wp","href":"https:\/\/api.w.org\/{rel}","templated":true}]}}