{"id":40,"date":"2011-02-25T09:44:00","date_gmt":"2011-02-25T08:44:00","guid":{"rendered":"https:\/\/diocesi.concordia-pordenone.it\/caritas\/on-line-la-relazione-del-centro-di-ascolto-2010\/"},"modified":"2011-02-25T09:44:00","modified_gmt":"2011-02-25T08:44:00","slug":"on-line-la-relazione-del-centro-di-ascolto-2010","status":"publish","type":"post","link":"https:\/\/diocesi.concordia-pordenone.it\/caritas\/on-line-la-relazione-del-centro-di-ascolto-2010\/","title":{"rendered":"On line la relazione del Centro di Ascolto 2010"},"content":{"rendered":"<div>\n<div style=\"text-align: left\"><b>RELAZIONE 2010 DEL CENTRO D\u2019ASCOLTO CARITAS<\/b><\/div>\n<div style=\"text-align: left\"><b><i>Azione di rilevamento pi\u00f9 capillare<\/i><\/b><\/div>\n<div style=\"text-align: left\"><b><i>Ghanesi e italiani in testa nella lista degli interventi a Pordenone<\/i><\/b><\/div>\n<div style=\"text-align: left\"><b>\u00a0<\/b><\/div>\n<div style=\"text-align: left\">Un rilevamento pi\u00f9 capillare delle situazioni di povert\u00e0 ha caratterizzato l\u2019azione degli otto Centri d\u2019Ascolto dislocati in ogni punto del territorio diocesano, a partire da quello di via Martiri Concordiesi di Pordenone: infatti si sono resi pi\u00f9 efficaci l\u2019ascolto e l\u2019accompagnamento per risolvere situazioni di povert\u00e0 perch\u00e9 <b>\u00e8 aumentata la rete dei punti di aiuto<\/b>, ormai presenti in quasi ogni parrocchia, soprattutto a Pordenone. Questo significa che molte pi\u00f9 situazioni di povert\u00e0 sono emerse, come sono aumentati gli interventi \u201cdi sopravvivenza\u201d effettuati da molte parrocchie.<\/div>\n<\/div>\n<hr class=\"wpba_attachment_hr\"><div id='wpba_attachment_list' class='wpba wpba-wrap'>\n<ul class='wpba-attachment-list unstyled'><li id='wpba_attachment_list_42' class='wpba-list-item pull-left'><img src='https:\/\/diocesi.concordia-pordenone.it\/caritas\/wp-content\/themes\/wp-starter-so\/icons\/document.png' width='16' height='20' class='wpba-icon pull-left'><a href='https:\/\/diocesi.concordia-pordenone.it\/caritas\/wp-content\/uploads\/sites\/3\/2021\/06\/relazione-cda-2010.pdf' title='relazione-cda-2010' class='wpba-link pull-left' target=\"_blank\">relazione-cda-2010<\/a><\/li>\n<\/ul><\/div>\n","protected":false},"excerpt":{"rendered":"<p>\u00c8 on line la relazione del Centro di Ascolto sull&#8217;attivit\u00e0 dell&#8217;anno 2010. In primo piano la capillarit\u00e0 della rete di aiuto che ha permesso, attraverso il gran numero di parrocchie coinvolte, di fare emergere maggiori situazioni di disagio. Clicca sull&#8217;immagine per scaricare il pdf<\/p>\n","protected":false},"author":0,"featured_media":41,"comment_status":"closed","ping_status":"closed","sticky":false,"template":"","format":"standard","meta":{"_acf_changed":false,"footnotes":""},"categories":[4],"tags":[],"class_list":["post-40","post","type-post","status-publish","format-standard","has-post-thumbnail","hentry","category-news-in-primo-piano"],"acf":{"seed-localization-paese-cod":"","seed-localization-address":"","seed-localization-citta":"","seed-localization-regione-cod-istat":"","seed-localization-citta-cod-istat":"","seed-localization-localita":"","seed-localization-cap":"","seed-localization-geo":{"lat":41.90552298770031,"lng":12.509441971778871,"zoom":10,"markers":[],"address":"","layers":["OpenStreetMap.Mapnik"]},"seed-localization-marker-visibility":false,"seed-localization-children-visibility":false,"seed-localization-kml":null,"seed-localization-custom-marker":null},"_links":{"self":[{"href":"https:\/\/diocesi.concordia-pordenone.it\/caritas\/wp-json\/wp\/v2\/posts\/40","targetHints":{"allow":["GET"]}}],"collection":[{"href":"https:\/\/diocesi.concordia-pordenone.it\/caritas\/wp-json\/wp\/v2\/posts"}],"about":[{"href":"https:\/\/diocesi.concordia-pordenone.it\/caritas\/wp-json\/wp\/v2\/types\/post"}],"author":[{"embeddable":true,"href":"https:\/\/diocesi.concordia-pordenone.it\/caritas\/wp-json\/wp\/v2\/users\/1"}],"replies":[{"embeddable":true,"href":"https:\/\/diocesi.concordia-pordenone.it\/caritas\/wp-json\/wp\/v2\/comments?post=40"}],"version-history":[{"count":0,"href":"https:\/\/diocesi.concordia-pordenone.it\/caritas\/wp-json\/wp\/v2\/posts\/40\/revisions"}],"wp:featuredmedia":[{"embeddable":true,"href":"https:\/\/diocesi.concordia-pordenone.it\/caritas\/wp-json\/wp\/v2\/media\/41"}],"wp:attachment":[{"href":"https:\/\/diocesi.concordia-pordenone.it\/caritas\/wp-json\/wp\/v2\/media?parent=40"}],"wp:term":[{"taxonomy":"category","embeddable":true,"href":"https:\/\/diocesi.concordia-pordenone.it\/caritas\/wp-json\/wp\/v2\/categories?post=40"},{"taxonomy":"post_tag","embeddable":true,"href":"https:\/\/diocesi.concordia-pordenone.it\/caritas\/wp-json\/wp\/v2\/tags?post=40"}],"curies":[{"name":"wp","href":"https:\/\/api.w.org\/{rel}","templated":true}]}}