{"id":402,"date":"2011-01-19T11:46:00","date_gmt":"2011-01-19T10:46:00","guid":{"rendered":"https:\/\/diocesi.concordia-pordenone.it\/caritas\/don-ciotti-a-pordenone\/"},"modified":"2011-01-19T11:46:00","modified_gmt":"2011-01-19T10:46:00","slug":"don-ciotti-a-pordenone","status":"publish","type":"post","link":"https:\/\/diocesi.concordia-pordenone.it\/caritas\/don-ciotti-a-pordenone\/","title":{"rendered":"Don Ciotti a Pordenone"},"content":{"rendered":"<div>\n<div style=\"text-align: left\"><b>EDUCARE ALLA LEGALIT\u00c0 E AL VOLONTARIATO<\/b><\/div>\n<div style=\"text-align: left\"><b><i>Incontro con don Luigi Ciotti<\/i><\/b><\/div>\n<div style=\"text-align: left\"><b><i>Luned\u00ec 31 gennaio 2011, ore 18.00, Chiesa di Cristo Re<\/i><\/b><\/div>\n<div style=\"text-align: left\">\u00a0<\/div>\n<div style=\"text-align: left\">\u00a0<\/div>\n<div style=\"text-align: left\">Luned\u00ec 31 gennaio sar\u00e0 ospite a Pordenone don Luigi Ciotti, fondatore di Libera e presidente del Gruppo Abele. Gli appuntamenti della giornata sono due: alle ore 11.00 ci sar\u00e0 l\u2019incontro con gli studenti del Liceo \u201cGrigoletti\u201d, alle ore 18.00 ci sar\u00e0 un incontro aperto a tutti nella chiesa di Cristo Re nel quartiere di Villanova di Pordenone. Il tema degli interventi di don Ciotti, organizzati dalla Caritas diocesana, Migrantes, Pastorale Sociale e parrocchia di Cristo Re, \u00e8 \u201cEducare alla legalit\u00e0 e al volontariato\u201d.<\/div>\n<div>Don Ciotti, sacerdote torinese di origini venete, ha avuto come sua prima parrocchia la strada: sul campo ha maturato una grande esperienza in tema di emarginazione e dipendenze, tanto da fondare, nel 1966, il gruppo Abele, organizzazione che opera all&#8217;interno delle carceri minorili ed aiuta le vittime della droga. Sedici anni dopo, nel 1982, \u00e8 stato costituito il coordinamento nazionale delle comunit\u00e0 d&#8217;accoglienza, il CNCA, e nel 1986 Ciotti diventa il primo presidente della Lega italiana per la lotta contro l&#8217;AIDS\u00a0(LILA), fondata appena un anno prima.<\/div>\n<div>Nel febbraio 1993 pubblica il primo numero del mensile Narcomafie e nel 1995 fonda Libera, una rete che coordina nell&#8217;impegno antimafia oltre 1500 associazioni e gruppi sia locali che nazionali. Personalit\u00e0 molto influente nel campo religioso e sociale, Don Ciotti \u00e8 autore di alcuni libri a carattere educativo, di impegno sociale, di riflessione spirituale, come Genitori, figli e droga, scritto in collaborazione con Gabriella Vaccaro, e Chi ha paura delle mele marce? Giovani, droghe, emarginazione.<\/div>\n<div>Per informazioni sugli incontri, telefonare al numero 0434 221222 o, per l\u2019appuntamento al \u201cGrigoletti\u201d, allo 0434 370550.<\/div>\n<\/div>\n<hr class=\"wpba_attachment_hr\"><div id='wpba_attachment_list' class='wpba wpba-wrap'>\n<ul class='wpba-attachment-list unstyled'><li id='wpba_attachment_list_404' class='wpba-list-item pull-left'><img src='https:\/\/diocesi.concordia-pordenone.it\/caritas\/wp-content\/themes\/wp-starter-so\/icons\/document.png' width='16' height='20' class='wpba-icon pull-left'><a href='https:\/\/diocesi.concordia-pordenone.it\/caritas\/wp-content\/uploads\/sites\/3\/2021\/06\/locandina-don-ciotti_31_01_2011.pdf' title='locandina-don-ciotti_31_01_2011' class='wpba-link pull-left' target=\"_blank\">locandina-don-ciotti_31_01_2011<\/a><\/li>\n<\/ul><\/div>\n","protected":false},"excerpt":{"rendered":"<p>Luned\u00ec 31 gennaio don Luigi Ciotti, fondatore di Libera, \u00e8 a Pordenone per un doppio incontro sul tema &#8220;Educare alla legalit\u00e0 e al volontariato&#8221;. Alle ore 11.00 incontra gli studenti delle scuole supeiori presso l&#8217;Istituto Grigoletti, mentre alle ore 18.00 tiene un incontro pubblico presso la Chiesa di Cristo Re (Villanova). Per informazioni: Segreteria Istituto Grigoletti, 0434 370550 (per l&#8217;incontro con gli studenti); Caritas diocesana, 0434 221222<\/p>\n","protected":false},"author":0,"featured_media":403,"comment_status":"closed","ping_status":"closed","sticky":false,"template":"","format":"standard","meta":{"_acf_changed":false,"footnotes":""},"categories":[5],"tags":[],"class_list":["post-402","post","type-post","status-publish","format-standard","has-post-thumbnail","hentry","category-altre-news"],"acf":{"seed-localization-paese-cod":"","seed-localization-address":"","seed-localization-citta":"","seed-localization-regione-cod-istat":"","seed-localization-citta-cod-istat":"","seed-localization-localita":"","seed-localization-cap":"","seed-localization-geo":{"lat":41.90552298770031,"lng":12.509441971778871,"zoom":10,"markers":[],"address":"","layers":["OpenStreetMap.Mapnik"]},"seed-localization-marker-visibility":false,"seed-localization-children-visibility":false,"seed-localization-kml":null,"seed-localization-custom-marker":null},"_links":{"self":[{"href":"https:\/\/diocesi.concordia-pordenone.it\/caritas\/wp-json\/wp\/v2\/posts\/402","targetHints":{"allow":["GET"]}}],"collection":[{"href":"https:\/\/diocesi.concordia-pordenone.it\/caritas\/wp-json\/wp\/v2\/posts"}],"about":[{"href":"https:\/\/diocesi.concordia-pordenone.it\/caritas\/wp-json\/wp\/v2\/types\/post"}],"author":[{"embeddable":true,"href":"https:\/\/diocesi.concordia-pordenone.it\/caritas\/wp-json\/wp\/v2\/users\/1"}],"replies":[{"embeddable":true,"href":"https:\/\/diocesi.concordia-pordenone.it\/caritas\/wp-json\/wp\/v2\/comments?post=402"}],"version-history":[{"count":0,"href":"https:\/\/diocesi.concordia-pordenone.it\/caritas\/wp-json\/wp\/v2\/posts\/402\/revisions"}],"wp:featuredmedia":[{"embeddable":true,"href":"https:\/\/diocesi.concordia-pordenone.it\/caritas\/wp-json\/wp\/v2\/media\/403"}],"wp:attachment":[{"href":"https:\/\/diocesi.concordia-pordenone.it\/caritas\/wp-json\/wp\/v2\/media?parent=402"}],"wp:term":[{"taxonomy":"category","embeddable":true,"href":"https:\/\/diocesi.concordia-pordenone.it\/caritas\/wp-json\/wp\/v2\/categories?post=402"},{"taxonomy":"post_tag","embeddable":true,"href":"https:\/\/diocesi.concordia-pordenone.it\/caritas\/wp-json\/wp\/v2\/tags?post=402"}],"curies":[{"name":"wp","href":"https:\/\/api.w.org\/{rel}","templated":true}]}}